{"id":12197,"date":"2022-04-06T21:15:44","date_gmt":"2022-04-06T21:15:44","guid":{"rendered":"https:\/\/fmdelpueblo.ar\/?p=12197"},"modified":"2022-04-06T21:15:44","modified_gmt":"2022-04-06T21:15:44","slug":"el-papa-francisco-envio-una-carta-a-alberto-fernandez-y-pidio-soluciones-a-los-problemas-de-los-debiles","status":"publish","type":"post","link":"http:\/\/fmdelpueblo.ar\/?p=12197","title":{"rendered":"El papa Francisco envi\u00f3 una carta a Alberto Fern\u00e1ndez y pidi\u00f3 \u00absoluciones a los problemas de los d\u00e9biles\u00bb"},"content":{"rendered":"<\/p>\n<p>En su misiva, el sumo pont\u00edfice le agradeci\u00f3 al mandatario por haberlo saludado en el el marco de su aniversario como Papa y por \u00abhacerlo part\u00edcipe de importantes consideraciones\u00bb. <a href=\"https:\/\/www.perfil.com\/noticias\/actualidad\/el-papa-francisco-envio-una-carta-a-alberto-fernandez-y-pidio-soluciones-a-los-problemas-de-los-debiles.phtml\">Leer m\u00e1s<\/a><\/p>\n","protected":false},"excerpt":{"rendered":"<p>En su misiva, el sumo pont\u00edfice le agradeci\u00f3 al mandatario por haberlo saludado en el el marco de su aniversario como Papa y por \u00abhacerlo part\u00edcipe de importantes consideraciones\u00bb. Leer m\u00e1s<\/p>\n","protected":false},"author":0,"featured_media":0,"comment_status":"","ping_status":"","sticky":false,"template":"","format":"standard","meta":{"footnotes":""},"categories":[1],"tags":[],"class_list":["post-12197","post","type-post","status-publish","format-standard","hentry","category-sin-categoria"],"_links":{"self":[{"href":"http:\/\/fmdelpueblo.ar\/index.php?rest_route=\/wp\/v2\/posts\/12197","targetHints":{"allow":["GET"]}}],"collection":[{"href":"http:\/\/fmdelpueblo.ar\/index.php?rest_route=\/wp\/v2\/posts"}],"about":[{"href":"http:\/\/fmdelpueblo.ar\/index.php?rest_route=\/wp\/v2\/types\/post"}],"replies":[{"embeddable":true,"href":"http:\/\/fmdelpueblo.ar\/index.php?rest_route=%2Fwp%2Fv2%2Fcomments&post=12197"}],"version-history":[{"count":0,"href":"http:\/\/fmdelpueblo.ar\/index.php?rest_route=\/wp\/v2\/posts\/12197\/revisions"}],"wp:attachment":[{"href":"http:\/\/fmdelpueblo.ar\/index.php?rest_route=%2Fwp%2Fv2%2Fmedia&parent=12197"}],"wp:term":[{"taxonomy":"category","embeddable":true,"href":"http:\/\/fmdelpueblo.ar\/index.php?rest_route=%2Fwp%2Fv2%2Fcategories&post=12197"},{"taxonomy":"post_tag","embeddable":true,"href":"http:\/\/fmdelpueblo.ar\/index.php?rest_route=%2Fwp%2Fv2%2Ftags&post=12197"}],"curies":[{"name":"wp","href":"https:\/\/api.w.org\/{rel}","templated":true}]}}