{"id":12195,"date":"2022-04-06T21:15:43","date_gmt":"2022-04-06T21:15:43","guid":{"rendered":"https:\/\/fmdelpueblo.ar\/?p=12195"},"modified":"2022-04-06T21:15:43","modified_gmt":"2022-04-06T21:15:43","slug":"el-terrible-final-de-sasha-el-nino-ucraniano-perdido-entre-los-bombardeos-rusos","status":"publish","type":"post","link":"http:\/\/fmdelpueblo.ar\/?p=12195","title":{"rendered":"El terrible final de Sasha, el ni\u00f1o ucraniano perdido entre los bombardeos rusos"},"content":{"rendered":"<\/p>\n<p>De 4 a\u00f1os y habitante de Kiev, era buscado incansablemente por su familia desde mediados de marzo, cuando los misiles comenzaron a golpear la regi\u00f3n en la que se encontraba. Su cuerpo fue hallado en un r\u00edo. <a href=\"https:\/\/www.perfil.com\/noticias\/internacional\/encontraron-muerto-a-sasha-el-nino-ucraniano-desaparecido-en-kiev.phtml\">Leer m\u00e1s<\/a><\/p>\n","protected":false},"excerpt":{"rendered":"<p>De 4 a\u00f1os y habitante de Kiev, era buscado incansablemente por su familia desde mediados de marzo, cuando los misiles comenzaron a golpear la regi\u00f3n en la que se encontraba. Su cuerpo fue hallado en un r\u00edo. Leer m\u00e1s<\/p>\n","protected":false},"author":0,"featured_media":0,"comment_status":"","ping_status":"","sticky":false,"template":"","format":"standard","meta":{"footnotes":""},"categories":[1],"tags":[],"class_list":["post-12195","post","type-post","status-publish","format-standard","hentry","category-sin-categoria"],"_links":{"self":[{"href":"http:\/\/fmdelpueblo.ar\/index.php?rest_route=\/wp\/v2\/posts\/12195","targetHints":{"allow":["GET"]}}],"collection":[{"href":"http:\/\/fmdelpueblo.ar\/index.php?rest_route=\/wp\/v2\/posts"}],"about":[{"href":"http:\/\/fmdelpueblo.ar\/index.php?rest_route=\/wp\/v2\/types\/post"}],"replies":[{"embeddable":true,"href":"http:\/\/fmdelpueblo.ar\/index.php?rest_route=%2Fwp%2Fv2%2Fcomments&post=12195"}],"version-history":[{"count":0,"href":"http:\/\/fmdelpueblo.ar\/index.php?rest_route=\/wp\/v2\/posts\/12195\/revisions"}],"wp:attachment":[{"href":"http:\/\/fmdelpueblo.ar\/index.php?rest_route=%2Fwp%2Fv2%2Fmedia&parent=12195"}],"wp:term":[{"taxonomy":"category","embeddable":true,"href":"http:\/\/fmdelpueblo.ar\/index.php?rest_route=%2Fwp%2Fv2%2Fcategories&post=12195"},{"taxonomy":"post_tag","embeddable":true,"href":"http:\/\/fmdelpueblo.ar\/index.php?rest_route=%2Fwp%2Fv2%2Ftags&post=12195"}],"curies":[{"name":"wp","href":"https:\/\/api.w.org\/{rel}","templated":true}]}}