{"id":12193,"date":"2022-04-06T21:15:43","date_gmt":"2022-04-06T21:15:43","guid":{"rendered":"https:\/\/fmdelpueblo.ar\/?p=12193"},"modified":"2022-04-06T21:15:43","modified_gmt":"2022-04-06T21:15:43","slug":"adepa-repudio-los-dichos-de-eugenio-zaffaroni-continua-banalizando-horrores-para-la-humanidad","status":"publish","type":"post","link":"http:\/\/fmdelpueblo.ar\/?p=12193","title":{"rendered":"ADEPA repudi\u00f3 los dichos de Eugenio Zaffaroni: \u201cContin\u00faa banalizando horrores para la humanidad\u201d"},"content":{"rendered":"<\/p>\n<p>\u00abHay una concentraci\u00f3n de medios que generan una realidad \u00fanica. Eso es el V\u00f6lkischer Beobachter de Hitler o el Pravda de Stalin\u00bb, hab\u00eda manifestado el exjuez. Qu\u00e9 dice la entidad que nuclea a los medios. <a href=\"https:\/\/www.perfil.com\/noticias\/politica\/adepa-repudio-los-dichos-de-eugenio-zaffaroni-continua-banalizando-horrores-para-la-humanidad.phtml\">Leer m\u00e1s<\/a><\/p>\n","protected":false},"excerpt":{"rendered":"<p>\u00abHay una concentraci\u00f3n de medios que generan una realidad \u00fanica. Eso es el V\u00f6lkischer Beobachter de Hitler o el Pravda de Stalin\u00bb, hab\u00eda manifestado el exjuez. Qu\u00e9 dice la entidad que nuclea a los medios. Leer m\u00e1s<\/p>\n","protected":false},"author":0,"featured_media":0,"comment_status":"","ping_status":"","sticky":false,"template":"","format":"standard","meta":{"footnotes":""},"categories":[1],"tags":[],"class_list":["post-12193","post","type-post","status-publish","format-standard","hentry","category-sin-categoria"],"_links":{"self":[{"href":"http:\/\/fmdelpueblo.ar\/index.php?rest_route=\/wp\/v2\/posts\/12193","targetHints":{"allow":["GET"]}}],"collection":[{"href":"http:\/\/fmdelpueblo.ar\/index.php?rest_route=\/wp\/v2\/posts"}],"about":[{"href":"http:\/\/fmdelpueblo.ar\/index.php?rest_route=\/wp\/v2\/types\/post"}],"replies":[{"embeddable":true,"href":"http:\/\/fmdelpueblo.ar\/index.php?rest_route=%2Fwp%2Fv2%2Fcomments&post=12193"}],"version-history":[{"count":0,"href":"http:\/\/fmdelpueblo.ar\/index.php?rest_route=\/wp\/v2\/posts\/12193\/revisions"}],"wp:attachment":[{"href":"http:\/\/fmdelpueblo.ar\/index.php?rest_route=%2Fwp%2Fv2%2Fmedia&parent=12193"}],"wp:term":[{"taxonomy":"category","embeddable":true,"href":"http:\/\/fmdelpueblo.ar\/index.php?rest_route=%2Fwp%2Fv2%2Fcategories&post=12193"},{"taxonomy":"post_tag","embeddable":true,"href":"http:\/\/fmdelpueblo.ar\/index.php?rest_route=%2Fwp%2Fv2%2Ftags&post=12193"}],"curies":[{"name":"wp","href":"https:\/\/api.w.org\/{rel}","templated":true}]}}