{"id":12191,"date":"2022-04-06T20:10:24","date_gmt":"2022-04-06T20:10:24","guid":{"rendered":"https:\/\/fmdelpueblo.ar\/?p=12191"},"modified":"2022-04-06T20:10:24","modified_gmt":"2022-04-06T20:10:24","slug":"san-juan-un-video-muestra-como-la-jauria-que-mato-a-un-hombre-ya-habia-atacado-a-otro-en-ese-lugar","status":"publish","type":"post","link":"http:\/\/fmdelpueblo.ar\/?p=12191","title":{"rendered":"San Juan: un video muestra c\u00f3mo la jaur\u00eda que mat\u00f3 a un hombre ya hab\u00eda atacado a otro en ese lugar"},"content":{"rendered":"<\/p>\n<p>El hecho sucedi\u00f3 meses atr\u00e1s pero, a diferencia de lo que le ocurri\u00f3 a N\u00e9stor Morales, la v\u00edctima fue hospitalizada y se salv\u00f3. <a href=\"https:\/\/www.perfil.com\/noticias\/policia\/la-jauria-de-perros-que-mato-a-un-hombre-en-una-planta-habia-atacado-a-otro-empleado.phtml\">Leer m\u00e1s<\/a><\/p>\n","protected":false},"excerpt":{"rendered":"<p>El hecho sucedi\u00f3 meses atr\u00e1s pero, a diferencia de lo que le ocurri\u00f3 a N\u00e9stor Morales, la v\u00edctima fue hospitalizada y se salv\u00f3. Leer m\u00e1s<\/p>\n","protected":false},"author":0,"featured_media":0,"comment_status":"","ping_status":"","sticky":false,"template":"","format":"standard","meta":{"footnotes":""},"categories":[1],"tags":[],"class_list":["post-12191","post","type-post","status-publish","format-standard","hentry","category-sin-categoria"],"_links":{"self":[{"href":"http:\/\/fmdelpueblo.ar\/index.php?rest_route=\/wp\/v2\/posts\/12191","targetHints":{"allow":["GET"]}}],"collection":[{"href":"http:\/\/fmdelpueblo.ar\/index.php?rest_route=\/wp\/v2\/posts"}],"about":[{"href":"http:\/\/fmdelpueblo.ar\/index.php?rest_route=\/wp\/v2\/types\/post"}],"replies":[{"embeddable":true,"href":"http:\/\/fmdelpueblo.ar\/index.php?rest_route=%2Fwp%2Fv2%2Fcomments&post=12191"}],"version-history":[{"count":0,"href":"http:\/\/fmdelpueblo.ar\/index.php?rest_route=\/wp\/v2\/posts\/12191\/revisions"}],"wp:attachment":[{"href":"http:\/\/fmdelpueblo.ar\/index.php?rest_route=%2Fwp%2Fv2%2Fmedia&parent=12191"}],"wp:term":[{"taxonomy":"category","embeddable":true,"href":"http:\/\/fmdelpueblo.ar\/index.php?rest_route=%2Fwp%2Fv2%2Fcategories&post=12191"},{"taxonomy":"post_tag","embeddable":true,"href":"http:\/\/fmdelpueblo.ar\/index.php?rest_route=%2Fwp%2Fv2%2Ftags&post=12191"}],"curies":[{"name":"wp","href":"https:\/\/api.w.org\/{rel}","templated":true}]}}