{"id":12189,"date":"2022-04-06T20:10:24","date_gmt":"2022-04-06T20:10:24","guid":{"rendered":"https:\/\/fmdelpueblo.ar\/?p=12189"},"modified":"2022-04-06T20:10:24","modified_gmt":"2022-04-06T20:10:24","slug":"caso-dalmasso-un-ex-funcionario-de-cordoba-acuso-a-macarron-y-su-abogado-de-desviar-la-investigacion","status":"publish","type":"post","link":"http:\/\/fmdelpueblo.ar\/?p=12189","title":{"rendered":"Caso Dalmasso: un ex funcionario de C\u00f3rdoba acus\u00f3 a Macarr\u00f3n y su abogado de desviar la investigaci\u00f3n"},"content":{"rendered":"<\/p>\n<p>El exsecretario de Seguridad de la provincia de C\u00f3rdoba Alberto Bertea manifest\u00f3 que tanto el acusado Marcelo Macarr\u00f3n como su entonces abogado, Daniel Lacase, pudieron haber desviado la investigaci\u00f3n del crimen de Nora Dalmasso, asesinada el 26 de noviembre de 2006.<br \/>\n <a href=\"https:\/\/www.perfil.com\/noticias\/policia\/caso-dalmasso-un-ex-funcionario-de-cordoba-acuso-a-macarron-y-su-abogado-de-desviar-la-investigacion.phtml\">Leer m\u00e1s<\/a><\/p>\n","protected":false},"excerpt":{"rendered":"<p>El exsecretario de Seguridad de la provincia de C\u00f3rdoba Alberto Bertea manifest\u00f3 que tanto el acusado Marcelo Macarr\u00f3n como su entonces abogado, Daniel Lacase, pudieron haber desviado la investigaci\u00f3n del crimen de Nora Dalmasso, asesinada el 26 de noviembre de 2006. Leer m\u00e1s<\/p>\n","protected":false},"author":0,"featured_media":0,"comment_status":"","ping_status":"","sticky":false,"template":"","format":"standard","meta":{"footnotes":""},"categories":[1],"tags":[],"class_list":["post-12189","post","type-post","status-publish","format-standard","hentry","category-sin-categoria"],"_links":{"self":[{"href":"http:\/\/fmdelpueblo.ar\/index.php?rest_route=\/wp\/v2\/posts\/12189","targetHints":{"allow":["GET"]}}],"collection":[{"href":"http:\/\/fmdelpueblo.ar\/index.php?rest_route=\/wp\/v2\/posts"}],"about":[{"href":"http:\/\/fmdelpueblo.ar\/index.php?rest_route=\/wp\/v2\/types\/post"}],"replies":[{"embeddable":true,"href":"http:\/\/fmdelpueblo.ar\/index.php?rest_route=%2Fwp%2Fv2%2Fcomments&post=12189"}],"version-history":[{"count":0,"href":"http:\/\/fmdelpueblo.ar\/index.php?rest_route=\/wp\/v2\/posts\/12189\/revisions"}],"wp:attachment":[{"href":"http:\/\/fmdelpueblo.ar\/index.php?rest_route=%2Fwp%2Fv2%2Fmedia&parent=12189"}],"wp:term":[{"taxonomy":"category","embeddable":true,"href":"http:\/\/fmdelpueblo.ar\/index.php?rest_route=%2Fwp%2Fv2%2Fcategories&post=12189"},{"taxonomy":"post_tag","embeddable":true,"href":"http:\/\/fmdelpueblo.ar\/index.php?rest_route=%2Fwp%2Fv2%2Ftags&post=12189"}],"curies":[{"name":"wp","href":"https:\/\/api.w.org\/{rel}","templated":true}]}}