{"id":12184,"date":"2022-04-06T19:11:05","date_gmt":"2022-04-06T19:11:05","guid":{"rendered":"https:\/\/fmdelpueblo.ar\/?p=12184"},"modified":"2022-04-06T19:11:05","modified_gmt":"2022-04-06T19:11:05","slug":"sin-frutas-ni-verduras-llega-una-nueva-etapa-de-precios-cuidados","status":"publish","type":"post","link":"http:\/\/fmdelpueblo.ar\/?p=12184","title":{"rendered":"Sin frutas ni verduras, llega una nueva etapa de Precios Cuidados"},"content":{"rendered":"<\/p>\n<p>La actualizaci\u00f3n del plan se lanzar\u00e1 este jueves 7 de abril de la mano de una canasta para comercios de cercan\u00eda, sin embargo, las empresas sostienen que la suba no alcanza a cubrir el alza de los costos.<br \/>\n <a href=\"https:\/\/www.perfil.com\/noticias\/economia\/sin-frutas-ni-verduras-llega-una-nueva-etapa-de-precios-cuidados.phtml\">Leer m\u00e1s<\/a><\/p>\n","protected":false},"excerpt":{"rendered":"<p>La actualizaci\u00f3n del plan se lanzar\u00e1 este jueves 7 de abril de la mano de una canasta para comercios de cercan\u00eda, sin embargo, las empresas sostienen que la suba no alcanza a cubrir el alza de los costos. Leer m\u00e1s<\/p>\n","protected":false},"author":0,"featured_media":0,"comment_status":"","ping_status":"","sticky":false,"template":"","format":"standard","meta":{"footnotes":""},"categories":[1],"tags":[],"class_list":["post-12184","post","type-post","status-publish","format-standard","hentry","category-sin-categoria"],"_links":{"self":[{"href":"http:\/\/fmdelpueblo.ar\/index.php?rest_route=\/wp\/v2\/posts\/12184","targetHints":{"allow":["GET"]}}],"collection":[{"href":"http:\/\/fmdelpueblo.ar\/index.php?rest_route=\/wp\/v2\/posts"}],"about":[{"href":"http:\/\/fmdelpueblo.ar\/index.php?rest_route=\/wp\/v2\/types\/post"}],"replies":[{"embeddable":true,"href":"http:\/\/fmdelpueblo.ar\/index.php?rest_route=%2Fwp%2Fv2%2Fcomments&post=12184"}],"version-history":[{"count":0,"href":"http:\/\/fmdelpueblo.ar\/index.php?rest_route=\/wp\/v2\/posts\/12184\/revisions"}],"wp:attachment":[{"href":"http:\/\/fmdelpueblo.ar\/index.php?rest_route=%2Fwp%2Fv2%2Fmedia&parent=12184"}],"wp:term":[{"taxonomy":"category","embeddable":true,"href":"http:\/\/fmdelpueblo.ar\/index.php?rest_route=%2Fwp%2Fv2%2Fcategories&post=12184"},{"taxonomy":"post_tag","embeddable":true,"href":"http:\/\/fmdelpueblo.ar\/index.php?rest_route=%2Fwp%2Fv2%2Ftags&post=12184"}],"curies":[{"name":"wp","href":"https:\/\/api.w.org\/{rel}","templated":true}]}}