{"id":12178,"date":"2022-04-06T17:16:57","date_gmt":"2022-04-06T17:16:57","guid":{"rendered":"https:\/\/fmdelpueblo.ar\/?p=12178"},"modified":"2022-04-06T17:16:57","modified_gmt":"2022-04-06T17:16:57","slug":"se-celebro-ayer-la-reunion-entre-representantes-del-gobierno-de-la-cgt-y-la-union-industrial-argentina","status":"publish","type":"post","link":"http:\/\/fmdelpueblo.ar\/?p=12178","title":{"rendered":"Se celebr\u00f3 ayer la reuni\u00f3n entre representantes del gobierno de la CGT y la Uni\u00f3n Industrial Argentina"},"content":{"rendered":"<\/p>\n<p>La reuni\u00f3n se dio en el marco de las negociaciones que se llevan adelante para tratar de paliar las consecuencias de los crecientes \u00edndices de inflaci\u00f3n. <a href=\"https:\/\/www.perfil.com\/noticias\/economia\/se-celebro-ayer-la-reunion-entre-representantes-del-gobierno-de-la-cgt-y-la-union-industrial-argentina-modof.phtml\">Leer m\u00e1s<\/a><\/p>\n","protected":false},"excerpt":{"rendered":"<p>La reuni\u00f3n se dio en el marco de las negociaciones que se llevan adelante para tratar de paliar las consecuencias de los crecientes \u00edndices de inflaci\u00f3n. Leer m\u00e1s<\/p>\n","protected":false},"author":0,"featured_media":0,"comment_status":"","ping_status":"","sticky":false,"template":"","format":"standard","meta":{"footnotes":""},"categories":[1],"tags":[],"class_list":["post-12178","post","type-post","status-publish","format-standard","hentry","category-sin-categoria"],"_links":{"self":[{"href":"http:\/\/fmdelpueblo.ar\/index.php?rest_route=\/wp\/v2\/posts\/12178","targetHints":{"allow":["GET"]}}],"collection":[{"href":"http:\/\/fmdelpueblo.ar\/index.php?rest_route=\/wp\/v2\/posts"}],"about":[{"href":"http:\/\/fmdelpueblo.ar\/index.php?rest_route=\/wp\/v2\/types\/post"}],"replies":[{"embeddable":true,"href":"http:\/\/fmdelpueblo.ar\/index.php?rest_route=%2Fwp%2Fv2%2Fcomments&post=12178"}],"version-history":[{"count":0,"href":"http:\/\/fmdelpueblo.ar\/index.php?rest_route=\/wp\/v2\/posts\/12178\/revisions"}],"wp:attachment":[{"href":"http:\/\/fmdelpueblo.ar\/index.php?rest_route=%2Fwp%2Fv2%2Fmedia&parent=12178"}],"wp:term":[{"taxonomy":"category","embeddable":true,"href":"http:\/\/fmdelpueblo.ar\/index.php?rest_route=%2Fwp%2Fv2%2Fcategories&post=12178"},{"taxonomy":"post_tag","embeddable":true,"href":"http:\/\/fmdelpueblo.ar\/index.php?rest_route=%2Fwp%2Fv2%2Ftags&post=12178"}],"curies":[{"name":"wp","href":"https:\/\/api.w.org\/{rel}","templated":true}]}}