{"id":12177,"date":"2022-04-06T17:16:56","date_gmt":"2022-04-06T17:16:56","guid":{"rendered":"https:\/\/fmdelpueblo.ar\/?p=12177"},"modified":"2022-04-06T17:16:56","modified_gmt":"2022-04-06T17:16:56","slug":"macron-vs-le-pen-reservado-para-mayores","status":"publish","type":"post","link":"http:\/\/fmdelpueblo.ar\/?p=12177","title":{"rendered":"Macron vs. Le Pen, reservado para mayores"},"content":{"rendered":"<\/p>\n<p>A pocos d\u00edas de las presidenciales en Francia, miles de j\u00f3venes prefirieron participar de una marcha contra el cambio clim\u00e1tico antes que de m\u00edtines de campa\u00f1a. <a href=\"https:\/\/www.perfil.com\/noticias\/internacional\/macron-vs-le-pen-reservado-para-mayores-modof.phtml\">Leer m\u00e1s<\/a><\/p>\n","protected":false},"excerpt":{"rendered":"<p>A pocos d\u00edas de las presidenciales en Francia, miles de j\u00f3venes prefirieron participar de una marcha contra el cambio clim\u00e1tico antes que de m\u00edtines de campa\u00f1a. Leer m\u00e1s<\/p>\n","protected":false},"author":0,"featured_media":0,"comment_status":"","ping_status":"","sticky":false,"template":"","format":"standard","meta":{"footnotes":""},"categories":[1],"tags":[],"class_list":["post-12177","post","type-post","status-publish","format-standard","hentry","category-sin-categoria"],"_links":{"self":[{"href":"http:\/\/fmdelpueblo.ar\/index.php?rest_route=\/wp\/v2\/posts\/12177","targetHints":{"allow":["GET"]}}],"collection":[{"href":"http:\/\/fmdelpueblo.ar\/index.php?rest_route=\/wp\/v2\/posts"}],"about":[{"href":"http:\/\/fmdelpueblo.ar\/index.php?rest_route=\/wp\/v2\/types\/post"}],"replies":[{"embeddable":true,"href":"http:\/\/fmdelpueblo.ar\/index.php?rest_route=%2Fwp%2Fv2%2Fcomments&post=12177"}],"version-history":[{"count":0,"href":"http:\/\/fmdelpueblo.ar\/index.php?rest_route=\/wp\/v2\/posts\/12177\/revisions"}],"wp:attachment":[{"href":"http:\/\/fmdelpueblo.ar\/index.php?rest_route=%2Fwp%2Fv2%2Fmedia&parent=12177"}],"wp:term":[{"taxonomy":"category","embeddable":true,"href":"http:\/\/fmdelpueblo.ar\/index.php?rest_route=%2Fwp%2Fv2%2Fcategories&post=12177"},{"taxonomy":"post_tag","embeddable":true,"href":"http:\/\/fmdelpueblo.ar\/index.php?rest_route=%2Fwp%2Fv2%2Ftags&post=12177"}],"curies":[{"name":"wp","href":"https:\/\/api.w.org\/{rel}","templated":true}]}}