{"id":12174,"date":"2022-04-06T17:16:56","date_gmt":"2022-04-06T17:16:56","guid":{"rendered":"https:\/\/fmdelpueblo.ar\/?p=12174"},"modified":"2022-04-06T17:16:56","modified_gmt":"2022-04-06T17:16:56","slug":"el-presidente-de-la-sociedad-rural-cuestiono-las-retenciones-moviles-a-los-alimentos-no-tienen-sustento-legal","status":"publish","type":"post","link":"http:\/\/fmdelpueblo.ar\/?p=12174","title":{"rendered":"El presidente de la Sociedad Rural cuestion\u00f3 las retenciones m\u00f3viles a los alimentos: \u00abno tienen sustento legal\u00bb"},"content":{"rendered":"<\/p>\n<p>Nicol\u00e1s Pino sali\u00f3 al cruce del diputado kirchnerista Leopoldo Moreau que es partidario de avanzar con las retenciones m\u00f3viles a los alimentos.  <a href=\"https:\/\/www.perfil.com\/noticias\/economia\/pino-de-la-sociedad-rural-sobre-las-retenciones-moviles-a-los-alimentos-no-tienen-sustento-legal.phtml\">Leer m\u00e1s<\/a><\/p>\n","protected":false},"excerpt":{"rendered":"<p>Nicol\u00e1s Pino sali\u00f3 al cruce del diputado kirchnerista Leopoldo Moreau que es partidario de avanzar con las retenciones m\u00f3viles a los alimentos. Leer m\u00e1s<\/p>\n","protected":false},"author":0,"featured_media":0,"comment_status":"","ping_status":"","sticky":false,"template":"","format":"standard","meta":{"footnotes":""},"categories":[1],"tags":[],"class_list":["post-12174","post","type-post","status-publish","format-standard","hentry","category-sin-categoria"],"_links":{"self":[{"href":"http:\/\/fmdelpueblo.ar\/index.php?rest_route=\/wp\/v2\/posts\/12174","targetHints":{"allow":["GET"]}}],"collection":[{"href":"http:\/\/fmdelpueblo.ar\/index.php?rest_route=\/wp\/v2\/posts"}],"about":[{"href":"http:\/\/fmdelpueblo.ar\/index.php?rest_route=\/wp\/v2\/types\/post"}],"replies":[{"embeddable":true,"href":"http:\/\/fmdelpueblo.ar\/index.php?rest_route=%2Fwp%2Fv2%2Fcomments&post=12174"}],"version-history":[{"count":0,"href":"http:\/\/fmdelpueblo.ar\/index.php?rest_route=\/wp\/v2\/posts\/12174\/revisions"}],"wp:attachment":[{"href":"http:\/\/fmdelpueblo.ar\/index.php?rest_route=%2Fwp%2Fv2%2Fmedia&parent=12174"}],"wp:term":[{"taxonomy":"category","embeddable":true,"href":"http:\/\/fmdelpueblo.ar\/index.php?rest_route=%2Fwp%2Fv2%2Fcategories&post=12174"},{"taxonomy":"post_tag","embeddable":true,"href":"http:\/\/fmdelpueblo.ar\/index.php?rest_route=%2Fwp%2Fv2%2Ftags&post=12174"}],"curies":[{"name":"wp","href":"https:\/\/api.w.org\/{rel}","templated":true}]}}