{"id":12173,"date":"2022-04-06T17:16:56","date_gmt":"2022-04-06T17:16:56","guid":{"rendered":"https:\/\/fmdelpueblo.ar\/?p=12173"},"modified":"2022-04-06T17:16:56","modified_gmt":"2022-04-06T17:16:56","slug":"mas-de-mil-millones-de-perjudicados-por-la-guerra-entre-rusia-y-ucrania","status":"publish","type":"post","link":"http:\/\/fmdelpueblo.ar\/?p=12173","title":{"rendered":"M\u00e1s de mil millones de perjudicados por la guerra entre Rusia y Ucrania"},"content":{"rendered":"<\/p>\n<p>El conflicto b\u00e9lico afecta a 74 pa\u00edses en desarrollo y a 1.200 millones de personas por la suba de los precios de los alimentos, la energ\u00eda y los fertilizantes. <a href=\"https:\/\/www.perfil.com\/noticias\/internacional\/mas-de-mil-millones-de-perjudicados-por-la-guerra-entre-rusia-y-ucrania-modof.phtml\">Leer m\u00e1s<\/a><\/p>\n","protected":false},"excerpt":{"rendered":"<p>El conflicto b\u00e9lico afecta a 74 pa\u00edses en desarrollo y a 1.200 millones de personas por la suba de los precios de los alimentos, la energ\u00eda y los fertilizantes. Leer m\u00e1s<\/p>\n","protected":false},"author":0,"featured_media":0,"comment_status":"","ping_status":"","sticky":false,"template":"","format":"standard","meta":{"footnotes":""},"categories":[1],"tags":[],"class_list":["post-12173","post","type-post","status-publish","format-standard","hentry","category-sin-categoria"],"_links":{"self":[{"href":"http:\/\/fmdelpueblo.ar\/index.php?rest_route=\/wp\/v2\/posts\/12173","targetHints":{"allow":["GET"]}}],"collection":[{"href":"http:\/\/fmdelpueblo.ar\/index.php?rest_route=\/wp\/v2\/posts"}],"about":[{"href":"http:\/\/fmdelpueblo.ar\/index.php?rest_route=\/wp\/v2\/types\/post"}],"replies":[{"embeddable":true,"href":"http:\/\/fmdelpueblo.ar\/index.php?rest_route=%2Fwp%2Fv2%2Fcomments&post=12173"}],"version-history":[{"count":0,"href":"http:\/\/fmdelpueblo.ar\/index.php?rest_route=\/wp\/v2\/posts\/12173\/revisions"}],"wp:attachment":[{"href":"http:\/\/fmdelpueblo.ar\/index.php?rest_route=%2Fwp%2Fv2%2Fmedia&parent=12173"}],"wp:term":[{"taxonomy":"category","embeddable":true,"href":"http:\/\/fmdelpueblo.ar\/index.php?rest_route=%2Fwp%2Fv2%2Fcategories&post=12173"},{"taxonomy":"post_tag","embeddable":true,"href":"http:\/\/fmdelpueblo.ar\/index.php?rest_route=%2Fwp%2Fv2%2Ftags&post=12173"}],"curies":[{"name":"wp","href":"https:\/\/api.w.org\/{rel}","templated":true}]}}