{"id":12172,"date":"2022-04-06T17:16:56","date_gmt":"2022-04-06T17:16:56","guid":{"rendered":"https:\/\/fmdelpueblo.ar\/?p=12172"},"modified":"2022-04-06T17:16:56","modified_gmt":"2022-04-06T17:16:56","slug":"gonzalo-higuain-anuncio-su-retiro-del-futbol-profesional","status":"publish","type":"post","link":"http:\/\/fmdelpueblo.ar\/?p=12172","title":{"rendered":"Gonzalo Higua\u00edn anunci\u00f3 su retiro del f\u00fatbol profesional"},"content":{"rendered":"<\/p>\n<p>Fue su padre, Jorge Higua\u00edn, quien adelant\u00f3 que el \u00abPipita\u00bb terminar\u00e1 su temporada en Estados Unidos y luego dejar\u00e1 la actividad. El repaso por su gran trayectoria. <a href=\"https:\/\/www.perfil.com\/noticias\/modo-fontevecchia\/gonzalo-higuain-anuncio-su-retiro-del-futbol-profesional-modof.phtml\">Leer m\u00e1s<\/a><\/p>\n","protected":false},"excerpt":{"rendered":"<p>Fue su padre, Jorge Higua\u00edn, quien adelant\u00f3 que el \u00abPipita\u00bb terminar\u00e1 su temporada en Estados Unidos y luego dejar\u00e1 la actividad. El repaso por su gran trayectoria. Leer m\u00e1s<\/p>\n","protected":false},"author":0,"featured_media":0,"comment_status":"","ping_status":"","sticky":false,"template":"","format":"standard","meta":{"footnotes":""},"categories":[1],"tags":[],"class_list":["post-12172","post","type-post","status-publish","format-standard","hentry","category-sin-categoria"],"_links":{"self":[{"href":"http:\/\/fmdelpueblo.ar\/index.php?rest_route=\/wp\/v2\/posts\/12172","targetHints":{"allow":["GET"]}}],"collection":[{"href":"http:\/\/fmdelpueblo.ar\/index.php?rest_route=\/wp\/v2\/posts"}],"about":[{"href":"http:\/\/fmdelpueblo.ar\/index.php?rest_route=\/wp\/v2\/types\/post"}],"replies":[{"embeddable":true,"href":"http:\/\/fmdelpueblo.ar\/index.php?rest_route=%2Fwp%2Fv2%2Fcomments&post=12172"}],"version-history":[{"count":0,"href":"http:\/\/fmdelpueblo.ar\/index.php?rest_route=\/wp\/v2\/posts\/12172\/revisions"}],"wp:attachment":[{"href":"http:\/\/fmdelpueblo.ar\/index.php?rest_route=%2Fwp%2Fv2%2Fmedia&parent=12172"}],"wp:term":[{"taxonomy":"category","embeddable":true,"href":"http:\/\/fmdelpueblo.ar\/index.php?rest_route=%2Fwp%2Fv2%2Fcategories&post=12172"},{"taxonomy":"post_tag","embeddable":true,"href":"http:\/\/fmdelpueblo.ar\/index.php?rest_route=%2Fwp%2Fv2%2Ftags&post=12172"}],"curies":[{"name":"wp","href":"https:\/\/api.w.org\/{rel}","templated":true}]}}