{"id":12171,"date":"2022-04-06T17:16:55","date_gmt":"2022-04-06T17:16:55","guid":{"rendered":"https:\/\/fmdelpueblo.ar\/?p=12171"},"modified":"2022-04-06T17:16:55","modified_gmt":"2022-04-06T17:16:55","slug":"la-justicia-determino-que-afa-intervenga-la-liga-profesional-de-futbol-y-llame-a-elecciones","status":"publish","type":"post","link":"http:\/\/fmdelpueblo.ar\/?p=12171","title":{"rendered":"La Justicia determin\u00f3 que AFA intervenga la Liga Profesional de F\u00fatbol y llame a elecciones"},"content":{"rendered":"<\/p>\n<p>Claudio \u00abChiqui\u00bb Tapia deber\u00e1 convocar los comicios en un plazo de 90 d\u00edas luego de que Marcelo Tinelli impugnara la lista de Cristian Malaspina. <a href=\"https:\/\/www.perfil.com\/noticias\/deportes\/la-justicia-ordeno-a-la-afa-que-intervenga-la-liga-profesional-de-futbol-y-llame-a-elecciones.phtml\">Leer m\u00e1s<\/a><\/p>\n","protected":false},"excerpt":{"rendered":"<p>Claudio \u00abChiqui\u00bb Tapia deber\u00e1 convocar los comicios en un plazo de 90 d\u00edas luego de que Marcelo Tinelli impugnara la lista de Cristian Malaspina. Leer m\u00e1s<\/p>\n","protected":false},"author":0,"featured_media":0,"comment_status":"","ping_status":"","sticky":false,"template":"","format":"standard","meta":{"footnotes":""},"categories":[1],"tags":[],"class_list":["post-12171","post","type-post","status-publish","format-standard","hentry","category-sin-categoria"],"_links":{"self":[{"href":"http:\/\/fmdelpueblo.ar\/index.php?rest_route=\/wp\/v2\/posts\/12171","targetHints":{"allow":["GET"]}}],"collection":[{"href":"http:\/\/fmdelpueblo.ar\/index.php?rest_route=\/wp\/v2\/posts"}],"about":[{"href":"http:\/\/fmdelpueblo.ar\/index.php?rest_route=\/wp\/v2\/types\/post"}],"replies":[{"embeddable":true,"href":"http:\/\/fmdelpueblo.ar\/index.php?rest_route=%2Fwp%2Fv2%2Fcomments&post=12171"}],"version-history":[{"count":0,"href":"http:\/\/fmdelpueblo.ar\/index.php?rest_route=\/wp\/v2\/posts\/12171\/revisions"}],"wp:attachment":[{"href":"http:\/\/fmdelpueblo.ar\/index.php?rest_route=%2Fwp%2Fv2%2Fmedia&parent=12171"}],"wp:term":[{"taxonomy":"category","embeddable":true,"href":"http:\/\/fmdelpueblo.ar\/index.php?rest_route=%2Fwp%2Fv2%2Fcategories&post=12171"},{"taxonomy":"post_tag","embeddable":true,"href":"http:\/\/fmdelpueblo.ar\/index.php?rest_route=%2Fwp%2Fv2%2Ftags&post=12171"}],"curies":[{"name":"wp","href":"https:\/\/api.w.org\/{rel}","templated":true}]}}