{"id":12167,"date":"2022-04-06T16:09:30","date_gmt":"2022-04-06T16:09:30","guid":{"rendered":"https:\/\/fmdelpueblo.ar\/?p=12167"},"modified":"2022-04-06T16:09:30","modified_gmt":"2022-04-06T16:09:30","slug":"carolina-salvatore-castillo-es-un-outsider-y-la-crisis-en-peru-no-encuentra-el-rumbo","status":"publish","type":"post","link":"http:\/\/fmdelpueblo.ar\/?p=12167","title":{"rendered":"Carolina Salvatore: \u00abCastillo es un outsider y la crisis en Per\u00fa no encuentra el rumbo\u00bb"},"content":{"rendered":"<\/p>\n<p>La periodista Carolina Salvatore, radicada desde hace diez a\u00f1os en Per\u00fa, habl\u00f3 con Jorge Fontevecchia para Radio Perfil acerca de la crisis del gobierno de Pedro Castillo. Escuch\u00e1 la entrevista completa. <a href=\"https:\/\/www.perfil.com\/noticias\/internacional\/carolina-salvatore-castillo-es-un-outsider-y-la-crisis-en-peru-no-encuentra-el-rumbo-modof.phtml\">Leer m\u00e1s<\/a><\/p>\n","protected":false},"excerpt":{"rendered":"<p>La periodista Carolina Salvatore, radicada desde hace diez a\u00f1os en Per\u00fa, habl\u00f3 con Jorge Fontevecchia para Radio Perfil acerca de la crisis del gobierno de Pedro Castillo. Escuch\u00e1 la entrevista completa. Leer m\u00e1s<\/p>\n","protected":false},"author":0,"featured_media":0,"comment_status":"","ping_status":"","sticky":false,"template":"","format":"standard","meta":{"footnotes":""},"categories":[1],"tags":[],"class_list":["post-12167","post","type-post","status-publish","format-standard","hentry","category-sin-categoria"],"_links":{"self":[{"href":"http:\/\/fmdelpueblo.ar\/index.php?rest_route=\/wp\/v2\/posts\/12167","targetHints":{"allow":["GET"]}}],"collection":[{"href":"http:\/\/fmdelpueblo.ar\/index.php?rest_route=\/wp\/v2\/posts"}],"about":[{"href":"http:\/\/fmdelpueblo.ar\/index.php?rest_route=\/wp\/v2\/types\/post"}],"replies":[{"embeddable":true,"href":"http:\/\/fmdelpueblo.ar\/index.php?rest_route=%2Fwp%2Fv2%2Fcomments&post=12167"}],"version-history":[{"count":0,"href":"http:\/\/fmdelpueblo.ar\/index.php?rest_route=\/wp\/v2\/posts\/12167\/revisions"}],"wp:attachment":[{"href":"http:\/\/fmdelpueblo.ar\/index.php?rest_route=%2Fwp%2Fv2%2Fmedia&parent=12167"}],"wp:term":[{"taxonomy":"category","embeddable":true,"href":"http:\/\/fmdelpueblo.ar\/index.php?rest_route=%2Fwp%2Fv2%2Fcategories&post=12167"},{"taxonomy":"post_tag","embeddable":true,"href":"http:\/\/fmdelpueblo.ar\/index.php?rest_route=%2Fwp%2Fv2%2Ftags&post=12167"}],"curies":[{"name":"wp","href":"https:\/\/api.w.org\/{rel}","templated":true}]}}