{"id":12165,"date":"2022-04-06T16:09:30","date_gmt":"2022-04-06T16:09:30","guid":{"rendered":"https:\/\/fmdelpueblo.ar\/?p=12165"},"modified":"2022-04-06T16:09:30","modified_gmt":"2022-04-06T16:09:30","slug":"juan-grabois-nego-que-sergio-berni-lo-haya-detenido-compite-con-el-pro-a-ver-quien-es-mas-represor","status":"publish","type":"post","link":"http:\/\/fmdelpueblo.ar\/?p=12165","title":{"rendered":"Juan Grabois neg\u00f3 que Sergio Berni lo haya detenido: \u00abCompite con el PRO a ver qui\u00e9n es m\u00e1s represor\u00bb"},"content":{"rendered":"<\/p>\n<p>El dirigente social cruz\u00f3 al ministro de Seguridad bonaerense, que hab\u00eda afirmado haberlo arrestado durante una protesta. <a href=\"https:\/\/www.perfil.com\/noticias\/politica\/juan-grabois-le-respondio-a-sergio-berni-compite-con-el-pro-a-ver-quien-es-mas-represor.phtml\">Leer m\u00e1s<\/a><\/p>\n","protected":false},"excerpt":{"rendered":"<p>El dirigente social cruz\u00f3 al ministro de Seguridad bonaerense, que hab\u00eda afirmado haberlo arrestado durante una protesta. Leer m\u00e1s<\/p>\n","protected":false},"author":0,"featured_media":0,"comment_status":"","ping_status":"","sticky":false,"template":"","format":"standard","meta":{"footnotes":""},"categories":[1],"tags":[],"class_list":["post-12165","post","type-post","status-publish","format-standard","hentry","category-sin-categoria"],"_links":{"self":[{"href":"http:\/\/fmdelpueblo.ar\/index.php?rest_route=\/wp\/v2\/posts\/12165","targetHints":{"allow":["GET"]}}],"collection":[{"href":"http:\/\/fmdelpueblo.ar\/index.php?rest_route=\/wp\/v2\/posts"}],"about":[{"href":"http:\/\/fmdelpueblo.ar\/index.php?rest_route=\/wp\/v2\/types\/post"}],"replies":[{"embeddable":true,"href":"http:\/\/fmdelpueblo.ar\/index.php?rest_route=%2Fwp%2Fv2%2Fcomments&post=12165"}],"version-history":[{"count":0,"href":"http:\/\/fmdelpueblo.ar\/index.php?rest_route=\/wp\/v2\/posts\/12165\/revisions"}],"wp:attachment":[{"href":"http:\/\/fmdelpueblo.ar\/index.php?rest_route=%2Fwp%2Fv2%2Fmedia&parent=12165"}],"wp:term":[{"taxonomy":"category","embeddable":true,"href":"http:\/\/fmdelpueblo.ar\/index.php?rest_route=%2Fwp%2Fv2%2Fcategories&post=12165"},{"taxonomy":"post_tag","embeddable":true,"href":"http:\/\/fmdelpueblo.ar\/index.php?rest_route=%2Fwp%2Fv2%2Ftags&post=12165"}],"curies":[{"name":"wp","href":"https:\/\/api.w.org\/{rel}","templated":true}]}}