{"id":12159,"date":"2022-04-06T15:09:21","date_gmt":"2022-04-06T15:09:21","guid":{"rendered":"https:\/\/fmdelpueblo.ar\/?p=12159"},"modified":"2022-04-06T15:09:21","modified_gmt":"2022-04-06T15:09:21","slug":"descubren-mas-de-1-000-efectos-secundarios-de-la-vacuna-de-pfizer","status":"publish","type":"post","link":"http:\/\/fmdelpueblo.ar\/?p=12159","title":{"rendered":"Descubren m\u00e1s de 1.000 efectos secundarios de la vacuna de Pfizer"},"content":{"rendered":"<\/p>\n<p>La situaci\u00f3n es analizada por organismos de farmacovigilancia reconocidos a nivel mundial y la farmac\u00e9utica. <a href=\"https:\/\/www.perfil.com\/noticias\/internacional\/descubren-mas-de-1000-efectos-secundarios-de-la-vacuna-de-pfizer.phtml\">Leer m\u00e1s<\/a><\/p>\n","protected":false},"excerpt":{"rendered":"<p>La situaci\u00f3n es analizada por organismos de farmacovigilancia reconocidos a nivel mundial y la farmac\u00e9utica. Leer m\u00e1s<\/p>\n","protected":false},"author":0,"featured_media":0,"comment_status":"","ping_status":"","sticky":false,"template":"","format":"standard","meta":{"footnotes":""},"categories":[1],"tags":[],"class_list":["post-12159","post","type-post","status-publish","format-standard","hentry","category-sin-categoria"],"_links":{"self":[{"href":"http:\/\/fmdelpueblo.ar\/index.php?rest_route=\/wp\/v2\/posts\/12159","targetHints":{"allow":["GET"]}}],"collection":[{"href":"http:\/\/fmdelpueblo.ar\/index.php?rest_route=\/wp\/v2\/posts"}],"about":[{"href":"http:\/\/fmdelpueblo.ar\/index.php?rest_route=\/wp\/v2\/types\/post"}],"replies":[{"embeddable":true,"href":"http:\/\/fmdelpueblo.ar\/index.php?rest_route=%2Fwp%2Fv2%2Fcomments&post=12159"}],"version-history":[{"count":0,"href":"http:\/\/fmdelpueblo.ar\/index.php?rest_route=\/wp\/v2\/posts\/12159\/revisions"}],"wp:attachment":[{"href":"http:\/\/fmdelpueblo.ar\/index.php?rest_route=%2Fwp%2Fv2%2Fmedia&parent=12159"}],"wp:term":[{"taxonomy":"category","embeddable":true,"href":"http:\/\/fmdelpueblo.ar\/index.php?rest_route=%2Fwp%2Fv2%2Fcategories&post=12159"},{"taxonomy":"post_tag","embeddable":true,"href":"http:\/\/fmdelpueblo.ar\/index.php?rest_route=%2Fwp%2Fv2%2Ftags&post=12159"}],"curies":[{"name":"wp","href":"https:\/\/api.w.org\/{rel}","templated":true}]}}