{"id":12156,"date":"2022-04-06T15:09:20","date_gmt":"2022-04-06T15:09:20","guid":{"rendered":"https:\/\/fmdelpueblo.ar\/?p=12156"},"modified":"2022-04-06T15:09:20","modified_gmt":"2022-04-06T15:09:20","slug":"ypf-aumento-la-distribucion-de-gasoil-y-confirmo-que-el-campo-tiene-garantizado-el-abastecimiento","status":"publish","type":"post","link":"http:\/\/fmdelpueblo.ar\/?p=12156","title":{"rendered":"YPF aument\u00f3 la distribuci\u00f3n de gasoil y confirm\u00f3 que el campo tiene garantizado el abastecimiento"},"content":{"rendered":"<\/p>\n<p>La compa\u00f1\u00eda estatal anunci\u00f3 que est\u00e1 tomando todas las medidas para aumentar la producci\u00f3n y evitar el desabastecimiento en un contexto internacional de escasez de combustibles.<br \/>\n <a href=\"https:\/\/www.perfil.com\/noticias\/economia\/ypf-confirmo-que-el-campo-tiene-garantizado-el-abastecimiento-de-gasoil.phtml\">Leer m\u00e1s<\/a><\/p>\n","protected":false},"excerpt":{"rendered":"<p>La compa\u00f1\u00eda estatal anunci\u00f3 que est\u00e1 tomando todas las medidas para aumentar la producci\u00f3n y evitar el desabastecimiento en un contexto internacional de escasez de combustibles. Leer m\u00e1s<\/p>\n","protected":false},"author":0,"featured_media":0,"comment_status":"","ping_status":"","sticky":false,"template":"","format":"standard","meta":{"footnotes":""},"categories":[1],"tags":[],"class_list":["post-12156","post","type-post","status-publish","format-standard","hentry","category-sin-categoria"],"_links":{"self":[{"href":"http:\/\/fmdelpueblo.ar\/index.php?rest_route=\/wp\/v2\/posts\/12156","targetHints":{"allow":["GET"]}}],"collection":[{"href":"http:\/\/fmdelpueblo.ar\/index.php?rest_route=\/wp\/v2\/posts"}],"about":[{"href":"http:\/\/fmdelpueblo.ar\/index.php?rest_route=\/wp\/v2\/types\/post"}],"replies":[{"embeddable":true,"href":"http:\/\/fmdelpueblo.ar\/index.php?rest_route=%2Fwp%2Fv2%2Fcomments&post=12156"}],"version-history":[{"count":0,"href":"http:\/\/fmdelpueblo.ar\/index.php?rest_route=\/wp\/v2\/posts\/12156\/revisions"}],"wp:attachment":[{"href":"http:\/\/fmdelpueblo.ar\/index.php?rest_route=%2Fwp%2Fv2%2Fmedia&parent=12156"}],"wp:term":[{"taxonomy":"category","embeddable":true,"href":"http:\/\/fmdelpueblo.ar\/index.php?rest_route=%2Fwp%2Fv2%2Fcategories&post=12156"},{"taxonomy":"post_tag","embeddable":true,"href":"http:\/\/fmdelpueblo.ar\/index.php?rest_route=%2Fwp%2Fv2%2Ftags&post=12156"}],"curies":[{"name":"wp","href":"https:\/\/api.w.org\/{rel}","templated":true}]}}