{"id":12155,"date":"2022-04-06T15:09:20","date_gmt":"2022-04-06T15:09:20","guid":{"rendered":"https:\/\/fmdelpueblo.ar\/?p=12155"},"modified":"2022-04-06T15:09:20","modified_gmt":"2022-04-06T15:09:20","slug":"parrilli-va-a-juicio-por-el-supuesto-pago-de-un-libro-kirchnerista-que-nunca-se-publico","status":"publish","type":"post","link":"http:\/\/fmdelpueblo.ar\/?p=12155","title":{"rendered":"Parrilli va a juicio por el supuesto pago de un libro kirchnerista que nunca se public\u00f3"},"content":{"rendered":"<\/p>\n<p>Se lo acusa de haber autorizado en 2013 el uso de 800.000 pesos para ejemplares que no se imprimieron. Tambi\u00e9n ser\u00e1 juzgado la ex titular de la Casa de la Moneda, Katya Daura. <a href=\"https:\/\/www.perfil.com\/noticias\/politica\/parrilli-va-a-juicio-por-el-supuesto-pago-de-un-libro-kirchnerista-que-nunca-se-publico.phtml\">Leer m\u00e1s<\/a><\/p>\n","protected":false},"excerpt":{"rendered":"<p>Se lo acusa de haber autorizado en 2013 el uso de 800.000 pesos para ejemplares que no se imprimieron. Tambi\u00e9n ser\u00e1 juzgado la ex titular de la Casa de la Moneda, Katya Daura. Leer m\u00e1s<\/p>\n","protected":false},"author":0,"featured_media":0,"comment_status":"","ping_status":"","sticky":false,"template":"","format":"standard","meta":{"footnotes":""},"categories":[1],"tags":[],"class_list":["post-12155","post","type-post","status-publish","format-standard","hentry","category-sin-categoria"],"_links":{"self":[{"href":"http:\/\/fmdelpueblo.ar\/index.php?rest_route=\/wp\/v2\/posts\/12155","targetHints":{"allow":["GET"]}}],"collection":[{"href":"http:\/\/fmdelpueblo.ar\/index.php?rest_route=\/wp\/v2\/posts"}],"about":[{"href":"http:\/\/fmdelpueblo.ar\/index.php?rest_route=\/wp\/v2\/types\/post"}],"replies":[{"embeddable":true,"href":"http:\/\/fmdelpueblo.ar\/index.php?rest_route=%2Fwp%2Fv2%2Fcomments&post=12155"}],"version-history":[{"count":0,"href":"http:\/\/fmdelpueblo.ar\/index.php?rest_route=\/wp\/v2\/posts\/12155\/revisions"}],"wp:attachment":[{"href":"http:\/\/fmdelpueblo.ar\/index.php?rest_route=%2Fwp%2Fv2%2Fmedia&parent=12155"}],"wp:term":[{"taxonomy":"category","embeddable":true,"href":"http:\/\/fmdelpueblo.ar\/index.php?rest_route=%2Fwp%2Fv2%2Fcategories&post=12155"},{"taxonomy":"post_tag","embeddable":true,"href":"http:\/\/fmdelpueblo.ar\/index.php?rest_route=%2Fwp%2Fv2%2Ftags&post=12155"}],"curies":[{"name":"wp","href":"https:\/\/api.w.org\/{rel}","templated":true}]}}