{"id":12152,"date":"2022-04-06T14:09:40","date_gmt":"2022-04-06T14:09:40","guid":{"rendered":"https:\/\/fmdelpueblo.ar\/?p=12152"},"modified":"2022-04-06T14:09:40","modified_gmt":"2022-04-06T14:09:40","slug":"hugo-yasky-no-podemos-convertir-el-frente-de-todos-en-un-archipielago","status":"publish","type":"post","link":"http:\/\/fmdelpueblo.ar\/?p=12152","title":{"rendered":"Hugo Yasky: \u00abNo podemos convertir el Frente de Todos en un archipi\u00e9lago\u00bb"},"content":{"rendered":"<\/p>\n<p>El secretario general de la Central de Trabajadores de Argentina sostuvo que la interna del oficialismo se debe solucionar sintetizando las distintas miradas. Reconoce que existen discusiones a cielo abierto y adem\u00e1s habl\u00f3 acerca de la renovaci\u00f3n del sindicalismo argentino. Escuch\u00e1 la entrevista completa. <a href=\"https:\/\/www.perfil.com\/noticias\/politica\/hugo-yasky-hay-signos-de-renovacion-en-el-sindicalismo-argentino-modof.phtml\">Leer m\u00e1s<\/a><\/p>\n","protected":false},"excerpt":{"rendered":"<p>El secretario general de la Central de Trabajadores de Argentina sostuvo que la interna del oficialismo se debe solucionar sintetizando las distintas miradas. Reconoce que existen discusiones a cielo abierto y adem\u00e1s habl\u00f3 acerca de la renovaci\u00f3n del sindicalismo argentino. Escuch\u00e1 la entrevista completa. Leer m\u00e1s<\/p>\n","protected":false},"author":0,"featured_media":0,"comment_status":"","ping_status":"","sticky":false,"template":"","format":"standard","meta":{"footnotes":""},"categories":[1],"tags":[],"class_list":["post-12152","post","type-post","status-publish","format-standard","hentry","category-sin-categoria"],"_links":{"self":[{"href":"http:\/\/fmdelpueblo.ar\/index.php?rest_route=\/wp\/v2\/posts\/12152","targetHints":{"allow":["GET"]}}],"collection":[{"href":"http:\/\/fmdelpueblo.ar\/index.php?rest_route=\/wp\/v2\/posts"}],"about":[{"href":"http:\/\/fmdelpueblo.ar\/index.php?rest_route=\/wp\/v2\/types\/post"}],"replies":[{"embeddable":true,"href":"http:\/\/fmdelpueblo.ar\/index.php?rest_route=%2Fwp%2Fv2%2Fcomments&post=12152"}],"version-history":[{"count":0,"href":"http:\/\/fmdelpueblo.ar\/index.php?rest_route=\/wp\/v2\/posts\/12152\/revisions"}],"wp:attachment":[{"href":"http:\/\/fmdelpueblo.ar\/index.php?rest_route=%2Fwp%2Fv2%2Fmedia&parent=12152"}],"wp:term":[{"taxonomy":"category","embeddable":true,"href":"http:\/\/fmdelpueblo.ar\/index.php?rest_route=%2Fwp%2Fv2%2Fcategories&post=12152"},{"taxonomy":"post_tag","embeddable":true,"href":"http:\/\/fmdelpueblo.ar\/index.php?rest_route=%2Fwp%2Fv2%2Ftags&post=12152"}],"curies":[{"name":"wp","href":"https:\/\/api.w.org\/{rel}","templated":true}]}}