{"id":12151,"date":"2022-04-06T14:09:40","date_gmt":"2022-04-06T14:09:40","guid":{"rendered":"https:\/\/fmdelpueblo.ar\/?p=12151"},"modified":"2022-04-06T14:09:40","modified_gmt":"2022-04-06T14:09:40","slug":"esteban-bullrich-reto-al-oficialismo-y-a-la-oposicion-por-ignorar-su-llamado-al-dialogo-nada-cambio-en-todo-caso-empeoro","status":"publish","type":"post","link":"http:\/\/fmdelpueblo.ar\/?p=12151","title":{"rendered":"Esteban Bullrich ret\u00f3 al oficialismo y a la oposici\u00f3n por ignorar su llamado al di\u00e1logo: \u00abNada cambi\u00f3, en todo caso empeor\u00f3\u00bb"},"content":{"rendered":"<\/p>\n<p>El exsenador agradeci\u00f3 a trav\u00e9s de un video un reconocimiento por su labor durante el 2021 y lament\u00f3 la situaci\u00f3n actual: \u00abNo podemos seguir jugando a no ponernos de acuerdo\u00bb, reproch\u00f3. <a href=\"https:\/\/www.perfil.com\/noticias\/politica\/esteban-bullrich-reto-al-oficialismo-y-a-la-oposicion-por-ignorar-su-llamado-al-dialogo-nada-cambio-en-todo-caso-empeoro.phtml\">Leer m\u00e1s<\/a><\/p>\n","protected":false},"excerpt":{"rendered":"<p>El exsenador agradeci\u00f3 a trav\u00e9s de un video un reconocimiento por su labor durante el 2021 y lament\u00f3 la situaci\u00f3n actual: \u00abNo podemos seguir jugando a no ponernos de acuerdo\u00bb, reproch\u00f3. Leer m\u00e1s<\/p>\n","protected":false},"author":0,"featured_media":0,"comment_status":"","ping_status":"","sticky":false,"template":"","format":"standard","meta":{"footnotes":""},"categories":[1],"tags":[],"class_list":["post-12151","post","type-post","status-publish","format-standard","hentry","category-sin-categoria"],"_links":{"self":[{"href":"http:\/\/fmdelpueblo.ar\/index.php?rest_route=\/wp\/v2\/posts\/12151","targetHints":{"allow":["GET"]}}],"collection":[{"href":"http:\/\/fmdelpueblo.ar\/index.php?rest_route=\/wp\/v2\/posts"}],"about":[{"href":"http:\/\/fmdelpueblo.ar\/index.php?rest_route=\/wp\/v2\/types\/post"}],"replies":[{"embeddable":true,"href":"http:\/\/fmdelpueblo.ar\/index.php?rest_route=%2Fwp%2Fv2%2Fcomments&post=12151"}],"version-history":[{"count":0,"href":"http:\/\/fmdelpueblo.ar\/index.php?rest_route=\/wp\/v2\/posts\/12151\/revisions"}],"wp:attachment":[{"href":"http:\/\/fmdelpueblo.ar\/index.php?rest_route=%2Fwp%2Fv2%2Fmedia&parent=12151"}],"wp:term":[{"taxonomy":"category","embeddable":true,"href":"http:\/\/fmdelpueblo.ar\/index.php?rest_route=%2Fwp%2Fv2%2Fcategories&post=12151"},{"taxonomy":"post_tag","embeddable":true,"href":"http:\/\/fmdelpueblo.ar\/index.php?rest_route=%2Fwp%2Fv2%2Ftags&post=12151"}],"curies":[{"name":"wp","href":"https:\/\/api.w.org\/{rel}","templated":true}]}}