{"id":12150,"date":"2022-04-06T14:09:40","date_gmt":"2022-04-06T14:09:40","guid":{"rendered":"https:\/\/fmdelpueblo.ar\/?p=12150"},"modified":"2022-04-06T14:09:40","modified_gmt":"2022-04-06T14:09:40","slug":"padre-pepe-los-planes-sociales-hoy-son-imprescindibles","status":"publish","type":"post","link":"http:\/\/fmdelpueblo.ar\/?p=12150","title":{"rendered":"Padre Pepe: \u00abLos planes sociales, hoy son imprescindibles\u00bb"},"content":{"rendered":"<\/p>\n<p>El referente social dialog\u00f3 con Jorge Fontevecchia por Radio Perfil y enfatiz\u00f3 la importancia de la ayuda del Estado. Adem\u00e1s compar\u00f3 la situaci\u00f3n actual con la crisis de Alfons\u00edn y la del 2001. \u00abLo que tiene que hacer la clase pol\u00edtica es generar empleo genuino\u00bb, expres\u00f3. Escuch\u00e1 la entrevista completa. <a href=\"https:\/\/www.perfil.com\/noticias\/modo-fontevecchia\/padre-pepe-los-planes-sociales-son-imprescindibles-hoy-modof.phtml\">Leer m\u00e1s<\/a><\/p>\n","protected":false},"excerpt":{"rendered":"<p>El referente social dialog\u00f3 con Jorge Fontevecchia por Radio Perfil y enfatiz\u00f3 la importancia de la ayuda del Estado. Adem\u00e1s compar\u00f3 la situaci\u00f3n actual con la crisis de Alfons\u00edn y la del 2001. \u00abLo que tiene que hacer la clase pol\u00edtica es generar empleo genuino\u00bb, expres\u00f3. Escuch\u00e1 la entrevista completa. Leer m\u00e1s<\/p>\n","protected":false},"author":0,"featured_media":0,"comment_status":"","ping_status":"","sticky":false,"template":"","format":"standard","meta":{"footnotes":""},"categories":[1],"tags":[],"class_list":["post-12150","post","type-post","status-publish","format-standard","hentry","category-sin-categoria"],"_links":{"self":[{"href":"http:\/\/fmdelpueblo.ar\/index.php?rest_route=\/wp\/v2\/posts\/12150","targetHints":{"allow":["GET"]}}],"collection":[{"href":"http:\/\/fmdelpueblo.ar\/index.php?rest_route=\/wp\/v2\/posts"}],"about":[{"href":"http:\/\/fmdelpueblo.ar\/index.php?rest_route=\/wp\/v2\/types\/post"}],"replies":[{"embeddable":true,"href":"http:\/\/fmdelpueblo.ar\/index.php?rest_route=%2Fwp%2Fv2%2Fcomments&post=12150"}],"version-history":[{"count":0,"href":"http:\/\/fmdelpueblo.ar\/index.php?rest_route=\/wp\/v2\/posts\/12150\/revisions"}],"wp:attachment":[{"href":"http:\/\/fmdelpueblo.ar\/index.php?rest_route=%2Fwp%2Fv2%2Fmedia&parent=12150"}],"wp:term":[{"taxonomy":"category","embeddable":true,"href":"http:\/\/fmdelpueblo.ar\/index.php?rest_route=%2Fwp%2Fv2%2Fcategories&post=12150"},{"taxonomy":"post_tag","embeddable":true,"href":"http:\/\/fmdelpueblo.ar\/index.php?rest_route=%2Fwp%2Fv2%2Ftags&post=12150"}],"curies":[{"name":"wp","href":"https:\/\/api.w.org\/{rel}","templated":true}]}}