{"id":12146,"date":"2022-04-06T13:12:00","date_gmt":"2022-04-06T13:12:00","guid":{"rendered":"https:\/\/fmdelpueblo.ar\/?p=12146"},"modified":"2022-04-06T13:12:00","modified_gmt":"2022-04-06T13:12:00","slug":"le-dispare-porque-me-tenia-cansado-la-revelacion-de-un-padre-que-asesino-a-su-hijo","status":"publish","type":"post","link":"http:\/\/fmdelpueblo.ar\/?p=12146","title":{"rendered":"\u00abLe dispar\u00e9 porque me ten\u00eda cansado\u00bb: la revelaci\u00f3n de un padre que asesino a su hijo"},"content":{"rendered":"<\/p>\n<p>El hecho ocurri\u00f3 hace dos a\u00f1os luego de una discusi\u00f3n familiar. El hombre hab\u00eda adelantado lo que ocurrir\u00eda si su hijo volv\u00eda a su casa, incluso a la polic\u00eda. <a href=\"https:\/\/www.perfil.com\/noticias\/policia\/le-dispare-porque-me-tenia-cansado-la-revelacion-de-un-padre-que-asesino-a-su-hijo.phtml\">Leer m\u00e1s<\/a><\/p>\n","protected":false},"excerpt":{"rendered":"<p>El hecho ocurri\u00f3 hace dos a\u00f1os luego de una discusi\u00f3n familiar. El hombre hab\u00eda adelantado lo que ocurrir\u00eda si su hijo volv\u00eda a su casa, incluso a la polic\u00eda. Leer m\u00e1s<\/p>\n","protected":false},"author":0,"featured_media":0,"comment_status":"","ping_status":"","sticky":false,"template":"","format":"standard","meta":{"footnotes":""},"categories":[1],"tags":[],"class_list":["post-12146","post","type-post","status-publish","format-standard","hentry","category-sin-categoria"],"_links":{"self":[{"href":"http:\/\/fmdelpueblo.ar\/index.php?rest_route=\/wp\/v2\/posts\/12146","targetHints":{"allow":["GET"]}}],"collection":[{"href":"http:\/\/fmdelpueblo.ar\/index.php?rest_route=\/wp\/v2\/posts"}],"about":[{"href":"http:\/\/fmdelpueblo.ar\/index.php?rest_route=\/wp\/v2\/types\/post"}],"replies":[{"embeddable":true,"href":"http:\/\/fmdelpueblo.ar\/index.php?rest_route=%2Fwp%2Fv2%2Fcomments&post=12146"}],"version-history":[{"count":0,"href":"http:\/\/fmdelpueblo.ar\/index.php?rest_route=\/wp\/v2\/posts\/12146\/revisions"}],"wp:attachment":[{"href":"http:\/\/fmdelpueblo.ar\/index.php?rest_route=%2Fwp%2Fv2%2Fmedia&parent=12146"}],"wp:term":[{"taxonomy":"category","embeddable":true,"href":"http:\/\/fmdelpueblo.ar\/index.php?rest_route=%2Fwp%2Fv2%2Fcategories&post=12146"},{"taxonomy":"post_tag","embeddable":true,"href":"http:\/\/fmdelpueblo.ar\/index.php?rest_route=%2Fwp%2Fv2%2Ftags&post=12146"}],"curies":[{"name":"wp","href":"https:\/\/api.w.org\/{rel}","templated":true}]}}