{"id":12141,"date":"2022-04-06T12:09:42","date_gmt":"2022-04-06T12:09:42","guid":{"rendered":"https:\/\/fmdelpueblo.ar\/?p=12141"},"modified":"2022-04-06T12:09:42","modified_gmt":"2022-04-06T12:09:42","slug":"clara-muzzio-queremos-mostrarles-a-las-generaciones-presentes-y-futuras-nuestra-ciudad-a-traves-de-sus-calles-y-edificios","status":"publish","type":"post","link":"http:\/\/fmdelpueblo.ar\/?p=12141","title":{"rendered":"Clara Muzzio: \u201cQueremos mostrarles a las generaciones presentes y futuras nuestra Ciudad a trav\u00e9s de sus calles y edificios\u201d"},"content":{"rendered":"<\/p>\n<p>La ministra de espacio p\u00fablico e higiene detall\u00f3 los proyectos qu\u00e9 se est\u00e1n llevando a cabo en la Ciudad y que apuntan a poner en valor el casco hist\u00f3rico recuperando espacios llenos de historia para todos los argentinos. <a href=\"https:\/\/www.perfil.com\/noticias\/cultura\/clara-muzzio-queremos-mostrarles-a-las-generaciones-presentes-y-futuras-nuestra-ciudad-a-traves-de-sus-calles-y-edificios.phtml\">Leer m\u00e1s<\/a><\/p>\n","protected":false},"excerpt":{"rendered":"<p>La ministra de espacio p\u00fablico e higiene detall\u00f3 los proyectos qu\u00e9 se est\u00e1n llevando a cabo en la Ciudad y que apuntan a poner en valor el casco hist\u00f3rico recuperando espacios llenos de historia para todos los argentinos. Leer m\u00e1s<\/p>\n","protected":false},"author":0,"featured_media":0,"comment_status":"","ping_status":"","sticky":false,"template":"","format":"standard","meta":{"footnotes":""},"categories":[1],"tags":[],"class_list":["post-12141","post","type-post","status-publish","format-standard","hentry","category-sin-categoria"],"_links":{"self":[{"href":"http:\/\/fmdelpueblo.ar\/index.php?rest_route=\/wp\/v2\/posts\/12141","targetHints":{"allow":["GET"]}}],"collection":[{"href":"http:\/\/fmdelpueblo.ar\/index.php?rest_route=\/wp\/v2\/posts"}],"about":[{"href":"http:\/\/fmdelpueblo.ar\/index.php?rest_route=\/wp\/v2\/types\/post"}],"replies":[{"embeddable":true,"href":"http:\/\/fmdelpueblo.ar\/index.php?rest_route=%2Fwp%2Fv2%2Fcomments&post=12141"}],"version-history":[{"count":0,"href":"http:\/\/fmdelpueblo.ar\/index.php?rest_route=\/wp\/v2\/posts\/12141\/revisions"}],"wp:attachment":[{"href":"http:\/\/fmdelpueblo.ar\/index.php?rest_route=%2Fwp%2Fv2%2Fmedia&parent=12141"}],"wp:term":[{"taxonomy":"category","embeddable":true,"href":"http:\/\/fmdelpueblo.ar\/index.php?rest_route=%2Fwp%2Fv2%2Fcategories&post=12141"},{"taxonomy":"post_tag","embeddable":true,"href":"http:\/\/fmdelpueblo.ar\/index.php?rest_route=%2Fwp%2Fv2%2Ftags&post=12141"}],"curies":[{"name":"wp","href":"https:\/\/api.w.org\/{rel}","templated":true}]}}