{"id":12140,"date":"2022-04-06T12:09:41","date_gmt":"2022-04-06T12:09:41","guid":{"rendered":"https:\/\/fmdelpueblo.ar\/?p=12140"},"modified":"2022-04-06T12:09:41","modified_gmt":"2022-04-06T12:09:41","slug":"el-mensaje-de-kicillof-para-alberto-fernandez-no-debemos-tener-miedo-de-enfrentar-a-ciertos-sectores","status":"publish","type":"post","link":"http:\/\/fmdelpueblo.ar\/?p=12140","title":{"rendered":"El mensaje de Kicillof para Alberto Fern\u00e1ndez: \u00abNo debemos tener miedo de enfrentar a ciertos sectores\u00bb"},"content":{"rendered":"<\/p>\n<p>El gobernador de la provincia de Buenos Aires realiz\u00f3 declaraciones en donde analiza la estampida de precios y las medidas que est\u00e1 tomando el Gobierno para frenarlos. <a href=\"https:\/\/www.perfil.com\/noticias\/actualidad\/el-mensaje-de-kicillof-para-alberto-fernandez-no-debemos-tener-miedo-de-enfrentar-a-ciertos-sectores.phtml\">Leer m\u00e1s<\/a><\/p>\n","protected":false},"excerpt":{"rendered":"<p>El gobernador de la provincia de Buenos Aires realiz\u00f3 declaraciones en donde analiza la estampida de precios y las medidas que est\u00e1 tomando el Gobierno para frenarlos. Leer m\u00e1s<\/p>\n","protected":false},"author":0,"featured_media":0,"comment_status":"","ping_status":"","sticky":false,"template":"","format":"standard","meta":{"footnotes":""},"categories":[1],"tags":[],"class_list":["post-12140","post","type-post","status-publish","format-standard","hentry","category-sin-categoria"],"_links":{"self":[{"href":"http:\/\/fmdelpueblo.ar\/index.php?rest_route=\/wp\/v2\/posts\/12140","targetHints":{"allow":["GET"]}}],"collection":[{"href":"http:\/\/fmdelpueblo.ar\/index.php?rest_route=\/wp\/v2\/posts"}],"about":[{"href":"http:\/\/fmdelpueblo.ar\/index.php?rest_route=\/wp\/v2\/types\/post"}],"replies":[{"embeddable":true,"href":"http:\/\/fmdelpueblo.ar\/index.php?rest_route=%2Fwp%2Fv2%2Fcomments&post=12140"}],"version-history":[{"count":0,"href":"http:\/\/fmdelpueblo.ar\/index.php?rest_route=\/wp\/v2\/posts\/12140\/revisions"}],"wp:attachment":[{"href":"http:\/\/fmdelpueblo.ar\/index.php?rest_route=%2Fwp%2Fv2%2Fmedia&parent=12140"}],"wp:term":[{"taxonomy":"category","embeddable":true,"href":"http:\/\/fmdelpueblo.ar\/index.php?rest_route=%2Fwp%2Fv2%2Fcategories&post=12140"},{"taxonomy":"post_tag","embeddable":true,"href":"http:\/\/fmdelpueblo.ar\/index.php?rest_route=%2Fwp%2Fv2%2Ftags&post=12140"}],"curies":[{"name":"wp","href":"https:\/\/api.w.org\/{rel}","templated":true}]}}