{"id":12134,"date":"2022-04-06T10:10:10","date_gmt":"2022-04-06T10:10:10","guid":{"rendered":"https:\/\/fmdelpueblo.ar\/?p=12134"},"modified":"2022-04-06T10:10:10","modified_gmt":"2022-04-06T10:10:10","slug":"jose-luis-espert-le-apunto-a-maximo-kirchner-debe-haber-dejado-ayer-la-play-no-tiene-idea-lo-que-es-la-vida","status":"publish","type":"post","link":"http:\/\/fmdelpueblo.ar\/?p=12134","title":{"rendered":"Jos\u00e9 Luis Espert le apunt\u00f3 a M\u00e1ximo Kirchner: \u00abDebe haber dejado ayer la Play, no tiene idea lo que es la vida\u00bb"},"content":{"rendered":"<\/p>\n<p>El diputado de Avanza Libertad se refiri\u00f3 a las cr\u00edticas del l\u00edder de La C\u00e1mpora contra el gobierno y cuestion\u00f3 su an\u00e1lisis sobre las gestiones de N\u00e9stor y Cristina Kirchner. Tambi\u00e9n calific\u00f3 de \u00abcaradura\u00bb a Axel Kicillof. <a href=\"https:\/\/www.perfil.com\/noticias\/politica\/jose-luis-espert-le-apunto-a-maximo-kirchner-debe-haber-dejado-ayer-la-play-no-tiene-idea-lo-que-es-la-vida.phtml\">Leer m\u00e1s<\/a><\/p>\n","protected":false},"excerpt":{"rendered":"<p>El diputado de Avanza Libertad se refiri\u00f3 a las cr\u00edticas del l\u00edder de La C\u00e1mpora contra el gobierno y cuestion\u00f3 su an\u00e1lisis sobre las gestiones de N\u00e9stor y Cristina Kirchner. Tambi\u00e9n calific\u00f3 de \u00abcaradura\u00bb a Axel Kicillof. Leer m\u00e1s<\/p>\n","protected":false},"author":0,"featured_media":0,"comment_status":"","ping_status":"","sticky":false,"template":"","format":"standard","meta":{"footnotes":""},"categories":[1],"tags":[],"class_list":["post-12134","post","type-post","status-publish","format-standard","hentry","category-sin-categoria"],"_links":{"self":[{"href":"http:\/\/fmdelpueblo.ar\/index.php?rest_route=\/wp\/v2\/posts\/12134","targetHints":{"allow":["GET"]}}],"collection":[{"href":"http:\/\/fmdelpueblo.ar\/index.php?rest_route=\/wp\/v2\/posts"}],"about":[{"href":"http:\/\/fmdelpueblo.ar\/index.php?rest_route=\/wp\/v2\/types\/post"}],"replies":[{"embeddable":true,"href":"http:\/\/fmdelpueblo.ar\/index.php?rest_route=%2Fwp%2Fv2%2Fcomments&post=12134"}],"version-history":[{"count":0,"href":"http:\/\/fmdelpueblo.ar\/index.php?rest_route=\/wp\/v2\/posts\/12134\/revisions"}],"wp:attachment":[{"href":"http:\/\/fmdelpueblo.ar\/index.php?rest_route=%2Fwp%2Fv2%2Fmedia&parent=12134"}],"wp:term":[{"taxonomy":"category","embeddable":true,"href":"http:\/\/fmdelpueblo.ar\/index.php?rest_route=%2Fwp%2Fv2%2Fcategories&post=12134"},{"taxonomy":"post_tag","embeddable":true,"href":"http:\/\/fmdelpueblo.ar\/index.php?rest_route=%2Fwp%2Fv2%2Ftags&post=12134"}],"curies":[{"name":"wp","href":"https:\/\/api.w.org\/{rel}","templated":true}]}}