{"id":12039,"date":"2022-04-05T13:09:17","date_gmt":"2022-04-05T13:09:17","guid":{"rendered":"https:\/\/fmdelpueblo.ar\/?p=12039"},"modified":"2022-04-05T13:09:17","modified_gmt":"2022-04-05T13:09:17","slug":"gabriel-boric-rompio-el-protocolo-y-dialogo-con-manifestantes-en-el-cck","status":"publish","type":"post","link":"http:\/\/fmdelpueblo.ar\/?p=12039","title":{"rendered":"Gabriel Boric rompi\u00f3 el protocolo y dialog\u00f3 con manifestantes en el CCK"},"content":{"rendered":"<\/p>\n<p>El presidente chileno fue a ver un concierto especialmente preparado para \u00e9l, pero en la puerta lo sorprendi\u00f3 un grupo de manifestantes a los que decidi\u00f3 ir a hablarles.  <a href=\"https:\/\/www.perfil.com\/noticias\/politica\/boris-rompio-el-protocolo-y-dialogo-con-manifestantes-en-el-cck.phtml\">Leer m\u00e1s<\/a><\/p>\n","protected":false},"excerpt":{"rendered":"<p>El presidente chileno fue a ver un concierto especialmente preparado para \u00e9l, pero en la puerta lo sorprendi\u00f3 un grupo de manifestantes a los que decidi\u00f3 ir a hablarles. Leer m\u00e1s<\/p>\n","protected":false},"author":0,"featured_media":0,"comment_status":"","ping_status":"","sticky":false,"template":"","format":"standard","meta":{"footnotes":""},"categories":[1],"tags":[],"class_list":["post-12039","post","type-post","status-publish","format-standard","hentry","category-sin-categoria"],"_links":{"self":[{"href":"http:\/\/fmdelpueblo.ar\/index.php?rest_route=\/wp\/v2\/posts\/12039","targetHints":{"allow":["GET"]}}],"collection":[{"href":"http:\/\/fmdelpueblo.ar\/index.php?rest_route=\/wp\/v2\/posts"}],"about":[{"href":"http:\/\/fmdelpueblo.ar\/index.php?rest_route=\/wp\/v2\/types\/post"}],"replies":[{"embeddable":true,"href":"http:\/\/fmdelpueblo.ar\/index.php?rest_route=%2Fwp%2Fv2%2Fcomments&post=12039"}],"version-history":[{"count":0,"href":"http:\/\/fmdelpueblo.ar\/index.php?rest_route=\/wp\/v2\/posts\/12039\/revisions"}],"wp:attachment":[{"href":"http:\/\/fmdelpueblo.ar\/index.php?rest_route=%2Fwp%2Fv2%2Fmedia&parent=12039"}],"wp:term":[{"taxonomy":"category","embeddable":true,"href":"http:\/\/fmdelpueblo.ar\/index.php?rest_route=%2Fwp%2Fv2%2Fcategories&post=12039"},{"taxonomy":"post_tag","embeddable":true,"href":"http:\/\/fmdelpueblo.ar\/index.php?rest_route=%2Fwp%2Fv2%2Ftags&post=12039"}],"curies":[{"name":"wp","href":"https:\/\/api.w.org\/{rel}","templated":true}]}}