{"id":12038,"date":"2022-04-05T13:09:17","date_gmt":"2022-04-05T13:09:17","guid":{"rendered":"https:\/\/fmdelpueblo.ar\/?p=12038"},"modified":"2022-04-05T13:09:17","modified_gmt":"2022-04-05T13:09:17","slug":"pichetto-comparo-los-gobiernos-de-alberto-fernandez-y-raul-alfonsin-hay-hechos-repetidos-en-terminos-de-inflacion","status":"publish","type":"post","link":"http:\/\/fmdelpueblo.ar\/?p=12038","title":{"rendered":"Pichetto compar\u00f3 los gobiernos de Alberto Fern\u00e1ndez y Ra\u00fal Alfons\u00edn: \u00abHay hechos repetidos en t\u00e9rminos de inflaci\u00f3n\u00bb"},"content":{"rendered":"<\/p>\n<p>El dirigente de Juntos por el Cambio se meti\u00f3 en la pol\u00e9mica por el regalo de Cristina Kirchner al Presidente y adem\u00e1s critic\u00f3 a la ministra de Chile que llam\u00f3 \u00abWallmapu\u00bb a parte del territorio argentino.  <a href=\"https:\/\/www.perfil.com\/noticias\/politica\/miguel-pichetto-comparo-los-gobiernos-de-alberto-fernandez-y-raul-alfonsin-hay-hechos-repetidos-en-terminos-de-la-inflacion.phtml\">Leer m\u00e1s<\/a><\/p>\n","protected":false},"excerpt":{"rendered":"<p>El dirigente de Juntos por el Cambio se meti\u00f3 en la pol\u00e9mica por el regalo de Cristina Kirchner al Presidente y adem\u00e1s critic\u00f3 a la ministra de Chile que llam\u00f3 \u00abWallmapu\u00bb a parte del territorio argentino. Leer m\u00e1s<\/p>\n","protected":false},"author":0,"featured_media":0,"comment_status":"","ping_status":"","sticky":false,"template":"","format":"standard","meta":{"footnotes":""},"categories":[1],"tags":[],"class_list":["post-12038","post","type-post","status-publish","format-standard","hentry","category-sin-categoria"],"_links":{"self":[{"href":"http:\/\/fmdelpueblo.ar\/index.php?rest_route=\/wp\/v2\/posts\/12038","targetHints":{"allow":["GET"]}}],"collection":[{"href":"http:\/\/fmdelpueblo.ar\/index.php?rest_route=\/wp\/v2\/posts"}],"about":[{"href":"http:\/\/fmdelpueblo.ar\/index.php?rest_route=\/wp\/v2\/types\/post"}],"replies":[{"embeddable":true,"href":"http:\/\/fmdelpueblo.ar\/index.php?rest_route=%2Fwp%2Fv2%2Fcomments&post=12038"}],"version-history":[{"count":0,"href":"http:\/\/fmdelpueblo.ar\/index.php?rest_route=\/wp\/v2\/posts\/12038\/revisions"}],"wp:attachment":[{"href":"http:\/\/fmdelpueblo.ar\/index.php?rest_route=%2Fwp%2Fv2%2Fmedia&parent=12038"}],"wp:term":[{"taxonomy":"category","embeddable":true,"href":"http:\/\/fmdelpueblo.ar\/index.php?rest_route=%2Fwp%2Fv2%2Fcategories&post=12038"},{"taxonomy":"post_tag","embeddable":true,"href":"http:\/\/fmdelpueblo.ar\/index.php?rest_route=%2Fwp%2Fv2%2Ftags&post=12038"}],"curies":[{"name":"wp","href":"https:\/\/api.w.org\/{rel}","templated":true}]}}