{"id":12037,"date":"2022-04-05T12:12:38","date_gmt":"2022-04-05T12:12:38","guid":{"rendered":"https:\/\/fmdelpueblo.ar\/?p=12037"},"modified":"2022-04-05T12:12:38","modified_gmt":"2022-04-05T12:12:38","slug":"fenomeno-espacial-venus-y-jupiter-se-veran-casi-unidos-a-finales-de-abril","status":"publish","type":"post","link":"http:\/\/fmdelpueblo.ar\/?p=12037","title":{"rendered":"Fen\u00f3meno espacial: Venus y J\u00fapiter, se ver\u00e1n casi unidos a finales de abril"},"content":{"rendered":"<\/p>\n<p>Los astros se acercaran bastante y el fen\u00f3meno podr\u00e1 verse a trav\u00e9s de binoculares o telescopios. El evento comenzar\u00e1 el 29 de abril y terminar\u00e1 el 1\u00b0 de mayo. <a href=\"https:\/\/www.perfil.com\/noticias\/actualidad\/fenomeno-espacial-venus-y-jupiter-se-veran-casi-unidos-a-finales-de-abril.phtml\">Leer m\u00e1s<\/a><\/p>\n","protected":false},"excerpt":{"rendered":"<p>Los astros se acercaran bastante y el fen\u00f3meno podr\u00e1 verse a trav\u00e9s de binoculares o telescopios. El evento comenzar\u00e1 el 29 de abril y terminar\u00e1 el 1\u00b0 de mayo. Leer m\u00e1s<\/p>\n","protected":false},"author":0,"featured_media":0,"comment_status":"","ping_status":"","sticky":false,"template":"","format":"standard","meta":{"footnotes":""},"categories":[1],"tags":[],"class_list":["post-12037","post","type-post","status-publish","format-standard","hentry","category-sin-categoria"],"_links":{"self":[{"href":"http:\/\/fmdelpueblo.ar\/index.php?rest_route=\/wp\/v2\/posts\/12037","targetHints":{"allow":["GET"]}}],"collection":[{"href":"http:\/\/fmdelpueblo.ar\/index.php?rest_route=\/wp\/v2\/posts"}],"about":[{"href":"http:\/\/fmdelpueblo.ar\/index.php?rest_route=\/wp\/v2\/types\/post"}],"replies":[{"embeddable":true,"href":"http:\/\/fmdelpueblo.ar\/index.php?rest_route=%2Fwp%2Fv2%2Fcomments&post=12037"}],"version-history":[{"count":0,"href":"http:\/\/fmdelpueblo.ar\/index.php?rest_route=\/wp\/v2\/posts\/12037\/revisions"}],"wp:attachment":[{"href":"http:\/\/fmdelpueblo.ar\/index.php?rest_route=%2Fwp%2Fv2%2Fmedia&parent=12037"}],"wp:term":[{"taxonomy":"category","embeddable":true,"href":"http:\/\/fmdelpueblo.ar\/index.php?rest_route=%2Fwp%2Fv2%2Fcategories&post=12037"},{"taxonomy":"post_tag","embeddable":true,"href":"http:\/\/fmdelpueblo.ar\/index.php?rest_route=%2Fwp%2Fv2%2Ftags&post=12037"}],"curies":[{"name":"wp","href":"https:\/\/api.w.org\/{rel}","templated":true}]}}