{"id":12033,"date":"2022-04-05T11:09:11","date_gmt":"2022-04-05T11:09:11","guid":{"rendered":"https:\/\/fmdelpueblo.ar\/?p=12033"},"modified":"2022-04-05T11:09:11","modified_gmt":"2022-04-05T11:09:11","slug":"viviendo-sin-autoridad-una-advertencia-de-hannah-arendt","status":"publish","type":"post","link":"http:\/\/fmdelpueblo.ar\/?p=12033","title":{"rendered":"Viviendo sin autoridad: una advertencia de Hannah Arendt"},"content":{"rendered":"<\/p>\n<p>Hace mucho tiempo que la autoridad claramente est\u00e1 en crisis, que a nadie parece preocuparle demasiado y que eso golpea muy mal a las generaciones que hoy deber\u00edan estar form\u00e1ndose en la confianza y en una serie de certezas y obediencias principales. <a href=\"https:\/\/www.perfil.com\/noticias\/opinion\/carmela-macias-viviendo-sin-autoridad-una-advertencia-de-hannah-arendt.phtml\">Leer m\u00e1s<\/a><\/p>\n","protected":false},"excerpt":{"rendered":"<p>Hace mucho tiempo que la autoridad claramente est\u00e1 en crisis, que a nadie parece preocuparle demasiado y que eso golpea muy mal a las generaciones que hoy deber\u00edan estar form\u00e1ndose en la confianza y en una serie de certezas y obediencias principales. Leer m\u00e1s<\/p>\n","protected":false},"author":0,"featured_media":0,"comment_status":"","ping_status":"","sticky":false,"template":"","format":"standard","meta":{"footnotes":""},"categories":[1],"tags":[],"class_list":["post-12033","post","type-post","status-publish","format-standard","hentry","category-sin-categoria"],"_links":{"self":[{"href":"http:\/\/fmdelpueblo.ar\/index.php?rest_route=\/wp\/v2\/posts\/12033","targetHints":{"allow":["GET"]}}],"collection":[{"href":"http:\/\/fmdelpueblo.ar\/index.php?rest_route=\/wp\/v2\/posts"}],"about":[{"href":"http:\/\/fmdelpueblo.ar\/index.php?rest_route=\/wp\/v2\/types\/post"}],"replies":[{"embeddable":true,"href":"http:\/\/fmdelpueblo.ar\/index.php?rest_route=%2Fwp%2Fv2%2Fcomments&post=12033"}],"version-history":[{"count":0,"href":"http:\/\/fmdelpueblo.ar\/index.php?rest_route=\/wp\/v2\/posts\/12033\/revisions"}],"wp:attachment":[{"href":"http:\/\/fmdelpueblo.ar\/index.php?rest_route=%2Fwp%2Fv2%2Fmedia&parent=12033"}],"wp:term":[{"taxonomy":"category","embeddable":true,"href":"http:\/\/fmdelpueblo.ar\/index.php?rest_route=%2Fwp%2Fv2%2Fcategories&post=12033"},{"taxonomy":"post_tag","embeddable":true,"href":"http:\/\/fmdelpueblo.ar\/index.php?rest_route=%2Fwp%2Fv2%2Ftags&post=12033"}],"curies":[{"name":"wp","href":"https:\/\/api.w.org\/{rel}","templated":true}]}}