{"id":12032,"date":"2022-04-05T10:12:23","date_gmt":"2022-04-05T10:12:23","guid":{"rendered":"https:\/\/fmdelpueblo.ar\/?p=12032"},"modified":"2022-04-05T10:12:23","modified_gmt":"2022-04-05T10:12:23","slug":"el-aumento-de-las-retenciones-solo-acentua-la-primarizacion-de-las-exportaciones","status":"publish","type":"post","link":"http:\/\/fmdelpueblo.ar\/?p=12032","title":{"rendered":"El aumento de las retenciones s\u00f3lo acent\u00faa la primarizaci\u00f3n de las exportaciones"},"content":{"rendered":"<\/p>\n<p>El incremento en dos puntos del tributo sobre las exportaciones de harina y aceite de soja parecen alentar las ventas al exterior del poroto de soja, en lugar del producto industrializado. De esta manera, se acent\u00faa la pol\u00edtica de primarizaci\u00f3n de las exportaciones puesta en marcha a partir de 2008 en adelante. <a href=\"https:\/\/www.perfil.com\/noticias\/opinion\/victor-beker-el-aumento-de-las-retenciones-solo-acentua-la-primarizacion-de-las-exportaciones.phtml\">Leer m\u00e1s<\/a><\/p>\n","protected":false},"excerpt":{"rendered":"<p>El incremento en dos puntos del tributo sobre las exportaciones de harina y aceite de soja parecen alentar las ventas al exterior del poroto de soja, en lugar del producto industrializado. De esta manera, se acent\u00faa la pol\u00edtica de primarizaci\u00f3n de las exportaciones puesta en marcha a partir de 2008 en adelante. Leer m\u00e1s<\/p>\n","protected":false},"author":0,"featured_media":0,"comment_status":"","ping_status":"","sticky":false,"template":"","format":"standard","meta":{"footnotes":""},"categories":[1],"tags":[],"class_list":["post-12032","post","type-post","status-publish","format-standard","hentry","category-sin-categoria"],"_links":{"self":[{"href":"http:\/\/fmdelpueblo.ar\/index.php?rest_route=\/wp\/v2\/posts\/12032","targetHints":{"allow":["GET"]}}],"collection":[{"href":"http:\/\/fmdelpueblo.ar\/index.php?rest_route=\/wp\/v2\/posts"}],"about":[{"href":"http:\/\/fmdelpueblo.ar\/index.php?rest_route=\/wp\/v2\/types\/post"}],"replies":[{"embeddable":true,"href":"http:\/\/fmdelpueblo.ar\/index.php?rest_route=%2Fwp%2Fv2%2Fcomments&post=12032"}],"version-history":[{"count":0,"href":"http:\/\/fmdelpueblo.ar\/index.php?rest_route=\/wp\/v2\/posts\/12032\/revisions"}],"wp:attachment":[{"href":"http:\/\/fmdelpueblo.ar\/index.php?rest_route=%2Fwp%2Fv2%2Fmedia&parent=12032"}],"wp:term":[{"taxonomy":"category","embeddable":true,"href":"http:\/\/fmdelpueblo.ar\/index.php?rest_route=%2Fwp%2Fv2%2Fcategories&post=12032"},{"taxonomy":"post_tag","embeddable":true,"href":"http:\/\/fmdelpueblo.ar\/index.php?rest_route=%2Fwp%2Fv2%2Ftags&post=12032"}],"curies":[{"name":"wp","href":"https:\/\/api.w.org\/{rel}","templated":true}]}}