{"id":12030,"date":"2022-04-05T06:09:06","date_gmt":"2022-04-05T06:09:06","guid":{"rendered":"https:\/\/fmdelpueblo.ar\/?p=12030"},"modified":"2022-04-05T06:09:06","modified_gmt":"2022-04-05T06:09:06","slug":"la-ciudad-reclama-que-nacion-le-quite-los-planes-sociales-a-los-piqueteros","status":"publish","type":"post","link":"http:\/\/fmdelpueblo.ar\/?p=12030","title":{"rendered":"La Ciudad reclama que Naci\u00f3n le quite los planes sociales a los piqueteros"},"content":{"rendered":"<\/p>\n<p>El Gobierno porte\u00f1o pida una medida fuerte contra las protestas sociales como el acampe que cort\u00f3 por dos d\u00edas la avenida 9 de Julio. <a href=\"https:\/\/www.perfil.com\/noticias\/politica\/ciudad-reclama-nacion-quite-planes-sociales-piqueteros-corte-calle.phtml\">Leer m\u00e1s<\/a><\/p>\n","protected":false},"excerpt":{"rendered":"<p>El Gobierno porte\u00f1o pida una medida fuerte contra las protestas sociales como el acampe que cort\u00f3 por dos d\u00edas la avenida 9 de Julio. Leer m\u00e1s<\/p>\n","protected":false},"author":0,"featured_media":0,"comment_status":"","ping_status":"","sticky":false,"template":"","format":"standard","meta":{"footnotes":""},"categories":[1],"tags":[],"class_list":["post-12030","post","type-post","status-publish","format-standard","hentry","category-sin-categoria"],"_links":{"self":[{"href":"http:\/\/fmdelpueblo.ar\/index.php?rest_route=\/wp\/v2\/posts\/12030","targetHints":{"allow":["GET"]}}],"collection":[{"href":"http:\/\/fmdelpueblo.ar\/index.php?rest_route=\/wp\/v2\/posts"}],"about":[{"href":"http:\/\/fmdelpueblo.ar\/index.php?rest_route=\/wp\/v2\/types\/post"}],"replies":[{"embeddable":true,"href":"http:\/\/fmdelpueblo.ar\/index.php?rest_route=%2Fwp%2Fv2%2Fcomments&post=12030"}],"version-history":[{"count":0,"href":"http:\/\/fmdelpueblo.ar\/index.php?rest_route=\/wp\/v2\/posts\/12030\/revisions"}],"wp:attachment":[{"href":"http:\/\/fmdelpueblo.ar\/index.php?rest_route=%2Fwp%2Fv2%2Fmedia&parent=12030"}],"wp:term":[{"taxonomy":"category","embeddable":true,"href":"http:\/\/fmdelpueblo.ar\/index.php?rest_route=%2Fwp%2Fv2%2Fcategories&post=12030"},{"taxonomy":"post_tag","embeddable":true,"href":"http:\/\/fmdelpueblo.ar\/index.php?rest_route=%2Fwp%2Fv2%2Ftags&post=12030"}],"curies":[{"name":"wp","href":"https:\/\/api.w.org\/{rel}","templated":true}]}}