{"id":12028,"date":"2022-04-05T04:13:56","date_gmt":"2022-04-05T04:13:56","guid":{"rendered":"https:\/\/fmdelpueblo.ar\/?p=12028"},"modified":"2022-04-05T04:13:56","modified_gmt":"2022-04-05T04:13:56","slug":"video-el-encargado-de-un-edificio-salto-de-balcon-a-balcon-en-un-quinto-piso-para-salvar-a-un-nene","status":"publish","type":"post","link":"http:\/\/fmdelpueblo.ar\/?p=12028","title":{"rendered":"Video: el encargado de un edificio salt\u00f3 de balc\u00f3n a balc\u00f3n en un quinto piso para salvar a un nene"},"content":{"rendered":"<\/p>\n<p>\u00abLos padres estaban durmiendo, fue un descuido\u00bb, cont\u00f3 luego el h\u00e9roe que rescat\u00f3 al menor. <a href=\"https:\/\/www.perfil.com\/noticias\/actualidad\/video-caballito-encargado-edificio-salto-balcon-quinto-piso-para-salvar-nene.phtml\">Leer m\u00e1s<\/a><\/p>\n","protected":false},"excerpt":{"rendered":"<p>\u00abLos padres estaban durmiendo, fue un descuido\u00bb, cont\u00f3 luego el h\u00e9roe que rescat\u00f3 al menor. Leer m\u00e1s<\/p>\n","protected":false},"author":0,"featured_media":0,"comment_status":"","ping_status":"","sticky":false,"template":"","format":"standard","meta":{"footnotes":""},"categories":[1],"tags":[],"class_list":["post-12028","post","type-post","status-publish","format-standard","hentry","category-sin-categoria"],"_links":{"self":[{"href":"http:\/\/fmdelpueblo.ar\/index.php?rest_route=\/wp\/v2\/posts\/12028","targetHints":{"allow":["GET"]}}],"collection":[{"href":"http:\/\/fmdelpueblo.ar\/index.php?rest_route=\/wp\/v2\/posts"}],"about":[{"href":"http:\/\/fmdelpueblo.ar\/index.php?rest_route=\/wp\/v2\/types\/post"}],"replies":[{"embeddable":true,"href":"http:\/\/fmdelpueblo.ar\/index.php?rest_route=%2Fwp%2Fv2%2Fcomments&post=12028"}],"version-history":[{"count":0,"href":"http:\/\/fmdelpueblo.ar\/index.php?rest_route=\/wp\/v2\/posts\/12028\/revisions"}],"wp:attachment":[{"href":"http:\/\/fmdelpueblo.ar\/index.php?rest_route=%2Fwp%2Fv2%2Fmedia&parent=12028"}],"wp:term":[{"taxonomy":"category","embeddable":true,"href":"http:\/\/fmdelpueblo.ar\/index.php?rest_route=%2Fwp%2Fv2%2Fcategories&post=12028"},{"taxonomy":"post_tag","embeddable":true,"href":"http:\/\/fmdelpueblo.ar\/index.php?rest_route=%2Fwp%2Fv2%2Ftags&post=12028"}],"curies":[{"name":"wp","href":"https:\/\/api.w.org\/{rel}","templated":true}]}}