{"id":12026,"date":"2022-04-05T04:13:56","date_gmt":"2022-04-05T04:13:56","guid":{"rendered":"https:\/\/fmdelpueblo.ar\/?p=12026"},"modified":"2022-04-05T04:13:56","modified_gmt":"2022-04-05T04:13:56","slug":"fiesta-de-olivos-realizan-dos-pedidos-de-indagatoria-pero-parte-de-la-causa-podria-estar-prescripta","status":"publish","type":"post","link":"http:\/\/fmdelpueblo.ar\/?p=12026","title":{"rendered":"Fiesta de Olivos: realizan dos pedidos de indagatoria, pero parte de la causa podr\u00eda estar prescripta"},"content":{"rendered":"<\/p>\n<p>El fiscal federal de San Isidro pidi\u00f3 la indagatoria de dos asistentes al cumplea\u00f1os de Fabiola Y\u00e1\u00f1ez en plena cuarentena. Sin embargo, por el tiempo que pas\u00f3, los hechos podr\u00edan estar prescriptos. <a href=\"https:\/\/www.perfil.com\/noticias\/politica\/fiesta-olivos-realizan-pedidos-indagatoria-pero-parte-causa-podria-estar-prescripta.phtml\">Leer m\u00e1s<\/a><\/p>\n","protected":false},"excerpt":{"rendered":"<p>El fiscal federal de San Isidro pidi\u00f3 la indagatoria de dos asistentes al cumplea\u00f1os de Fabiola Y\u00e1\u00f1ez en plena cuarentena. Sin embargo, por el tiempo que pas\u00f3, los hechos podr\u00edan estar prescriptos. Leer m\u00e1s<\/p>\n","protected":false},"author":0,"featured_media":0,"comment_status":"","ping_status":"","sticky":false,"template":"","format":"standard","meta":{"footnotes":""},"categories":[1],"tags":[],"class_list":["post-12026","post","type-post","status-publish","format-standard","hentry","category-sin-categoria"],"_links":{"self":[{"href":"http:\/\/fmdelpueblo.ar\/index.php?rest_route=\/wp\/v2\/posts\/12026","targetHints":{"allow":["GET"]}}],"collection":[{"href":"http:\/\/fmdelpueblo.ar\/index.php?rest_route=\/wp\/v2\/posts"}],"about":[{"href":"http:\/\/fmdelpueblo.ar\/index.php?rest_route=\/wp\/v2\/types\/post"}],"replies":[{"embeddable":true,"href":"http:\/\/fmdelpueblo.ar\/index.php?rest_route=%2Fwp%2Fv2%2Fcomments&post=12026"}],"version-history":[{"count":0,"href":"http:\/\/fmdelpueblo.ar\/index.php?rest_route=\/wp\/v2\/posts\/12026\/revisions"}],"wp:attachment":[{"href":"http:\/\/fmdelpueblo.ar\/index.php?rest_route=%2Fwp%2Fv2%2Fmedia&parent=12026"}],"wp:term":[{"taxonomy":"category","embeddable":true,"href":"http:\/\/fmdelpueblo.ar\/index.php?rest_route=%2Fwp%2Fv2%2Fcategories&post=12026"},{"taxonomy":"post_tag","embeddable":true,"href":"http:\/\/fmdelpueblo.ar\/index.php?rest_route=%2Fwp%2Fv2%2Ftags&post=12026"}],"curies":[{"name":"wp","href":"https:\/\/api.w.org\/{rel}","templated":true}]}}