{"id":12025,"date":"2022-04-05T04:13:56","date_gmt":"2022-04-05T04:13:56","guid":{"rendered":"https:\/\/fmdelpueblo.ar\/?p=12025"},"modified":"2022-04-05T04:13:56","modified_gmt":"2022-04-05T04:13:56","slug":"fue-secuestrada-y-violada-por-dos-dias-pero-fue-rescatada-por-una-foto-cualquier-cosa-estoy-con-este","status":"publish","type":"post","link":"http:\/\/fmdelpueblo.ar\/?p=12025","title":{"rendered":"Fue secuestrada y violada por dos d\u00edas pero fue rescatada por una foto: \u00abCualquier cosa, estoy con \u00e9ste\u00bb"},"content":{"rendered":"<\/p>\n<p>La mujer conoci\u00f3 al hombre en un boliche y termin\u00f3 cautiva en su casa todo el fin de semana. Fue encontrada porque le envi\u00f3 una foto a una amiga en modo de prevenci\u00f3n. <a href=\"https:\/\/www.perfil.com\/noticias\/policia\/rosario-fue-secuestrada-violada-por-dos-dias-pero-rescatada-por-foto-cualquier-cosa-estoy-con-este.phtml\">Leer m\u00e1s<\/a><\/p>\n","protected":false},"excerpt":{"rendered":"<p>La mujer conoci\u00f3 al hombre en un boliche y termin\u00f3 cautiva en su casa todo el fin de semana. Fue encontrada porque le envi\u00f3 una foto a una amiga en modo de prevenci\u00f3n. Leer m\u00e1s<\/p>\n","protected":false},"author":0,"featured_media":0,"comment_status":"","ping_status":"","sticky":false,"template":"","format":"standard","meta":{"footnotes":""},"categories":[1],"tags":[],"class_list":["post-12025","post","type-post","status-publish","format-standard","hentry","category-sin-categoria"],"_links":{"self":[{"href":"http:\/\/fmdelpueblo.ar\/index.php?rest_route=\/wp\/v2\/posts\/12025","targetHints":{"allow":["GET"]}}],"collection":[{"href":"http:\/\/fmdelpueblo.ar\/index.php?rest_route=\/wp\/v2\/posts"}],"about":[{"href":"http:\/\/fmdelpueblo.ar\/index.php?rest_route=\/wp\/v2\/types\/post"}],"replies":[{"embeddable":true,"href":"http:\/\/fmdelpueblo.ar\/index.php?rest_route=%2Fwp%2Fv2%2Fcomments&post=12025"}],"version-history":[{"count":0,"href":"http:\/\/fmdelpueblo.ar\/index.php?rest_route=\/wp\/v2\/posts\/12025\/revisions"}],"wp:attachment":[{"href":"http:\/\/fmdelpueblo.ar\/index.php?rest_route=%2Fwp%2Fv2%2Fmedia&parent=12025"}],"wp:term":[{"taxonomy":"category","embeddable":true,"href":"http:\/\/fmdelpueblo.ar\/index.php?rest_route=%2Fwp%2Fv2%2Fcategories&post=12025"},{"taxonomy":"post_tag","embeddable":true,"href":"http:\/\/fmdelpueblo.ar\/index.php?rest_route=%2Fwp%2Fv2%2Ftags&post=12025"}],"curies":[{"name":"wp","href":"https:\/\/api.w.org\/{rel}","templated":true}]}}