{"id":12023,"date":"2022-04-05T02:16:54","date_gmt":"2022-04-05T02:16:54","guid":{"rendered":"https:\/\/fmdelpueblo.ar\/?p=12023"},"modified":"2022-04-05T02:16:54","modified_gmt":"2022-04-05T02:16:54","slug":"el-autismo-esta-presente-en-uno-de-cada-44-nacimientos","status":"publish","type":"post","link":"http:\/\/fmdelpueblo.ar\/?p=12023","title":{"rendered":"El autismo est\u00e1 presente en uno de cada 44 nacimientos"},"content":{"rendered":"<\/p>\n<p>El pasado 2 de abril se conmemor\u00f3 el D\u00eda Internacional del Autismo y la fundadora de la Fundaci\u00f3n Brincar, Carina Morillo habl\u00f3 de la importancia de la inclusi\u00f3n <a href=\"https:\/\/www.perfil.com\/noticias\/reperfilar\/el-autismo-esta-presente-en-uno-de-cada-44-nacimientos.phtml\">Leer m\u00e1s<\/a><\/p>\n","protected":false},"excerpt":{"rendered":"<p>El pasado 2 de abril se conmemor\u00f3 el D\u00eda Internacional del Autismo y la fundadora de la Fundaci\u00f3n Brincar, Carina Morillo habl\u00f3 de la importancia de la inclusi\u00f3n Leer m\u00e1s<\/p>\n","protected":false},"author":0,"featured_media":0,"comment_status":"","ping_status":"","sticky":false,"template":"","format":"standard","meta":{"footnotes":""},"categories":[1],"tags":[],"class_list":["post-12023","post","type-post","status-publish","format-standard","hentry","category-sin-categoria"],"_links":{"self":[{"href":"http:\/\/fmdelpueblo.ar\/index.php?rest_route=\/wp\/v2\/posts\/12023","targetHints":{"allow":["GET"]}}],"collection":[{"href":"http:\/\/fmdelpueblo.ar\/index.php?rest_route=\/wp\/v2\/posts"}],"about":[{"href":"http:\/\/fmdelpueblo.ar\/index.php?rest_route=\/wp\/v2\/types\/post"}],"replies":[{"embeddable":true,"href":"http:\/\/fmdelpueblo.ar\/index.php?rest_route=%2Fwp%2Fv2%2Fcomments&post=12023"}],"version-history":[{"count":0,"href":"http:\/\/fmdelpueblo.ar\/index.php?rest_route=\/wp\/v2\/posts\/12023\/revisions"}],"wp:attachment":[{"href":"http:\/\/fmdelpueblo.ar\/index.php?rest_route=%2Fwp%2Fv2%2Fmedia&parent=12023"}],"wp:term":[{"taxonomy":"category","embeddable":true,"href":"http:\/\/fmdelpueblo.ar\/index.php?rest_route=%2Fwp%2Fv2%2Fcategories&post=12023"},{"taxonomy":"post_tag","embeddable":true,"href":"http:\/\/fmdelpueblo.ar\/index.php?rest_route=%2Fwp%2Fv2%2Ftags&post=12023"}],"curies":[{"name":"wp","href":"https:\/\/api.w.org\/{rel}","templated":true}]}}