{"id":12021,"date":"2022-04-05T01:10:13","date_gmt":"2022-04-05T01:10:13","guid":{"rendered":"https:\/\/fmdelpueblo.ar\/?p=12021"},"modified":"2022-04-05T01:10:13","modified_gmt":"2022-04-05T01:10:13","slug":"segun-la-fiscal-de-la-causa-leonardo-cositorto-podria-llegar-al-pais-la-semana-proxima","status":"publish","type":"post","link":"http:\/\/fmdelpueblo.ar\/?p=12021","title":{"rendered":"Seg\u00fan la fiscal de la causa, Leonardo Cositorto podr\u00eda llegar al pa\u00eds la semana pr\u00f3xima"},"content":{"rendered":"<\/p>\n<p>Juliana Companys, fiscal de la causa que investiga a Generaci\u00f3n Zoe, asegur\u00f3 que se est\u00e1 trabajando para poder inhibir los bienes de Cositorto. <a href=\"https:\/\/www.perfil.com\/noticias\/reperfilar\/segun-la-fiscal-de-la-causa-leonardo-cositorto-podria-llegar-al-pais-la-semana-proxima.phtml\">Leer m\u00e1s<\/a><\/p>\n","protected":false},"excerpt":{"rendered":"<p>Juliana Companys, fiscal de la causa que investiga a Generaci\u00f3n Zoe, asegur\u00f3 que se est\u00e1 trabajando para poder inhibir los bienes de Cositorto. Leer m\u00e1s<\/p>\n","protected":false},"author":0,"featured_media":0,"comment_status":"","ping_status":"","sticky":false,"template":"","format":"standard","meta":{"footnotes":""},"categories":[1],"tags":[],"class_list":["post-12021","post","type-post","status-publish","format-standard","hentry","category-sin-categoria"],"_links":{"self":[{"href":"http:\/\/fmdelpueblo.ar\/index.php?rest_route=\/wp\/v2\/posts\/12021","targetHints":{"allow":["GET"]}}],"collection":[{"href":"http:\/\/fmdelpueblo.ar\/index.php?rest_route=\/wp\/v2\/posts"}],"about":[{"href":"http:\/\/fmdelpueblo.ar\/index.php?rest_route=\/wp\/v2\/types\/post"}],"replies":[{"embeddable":true,"href":"http:\/\/fmdelpueblo.ar\/index.php?rest_route=%2Fwp%2Fv2%2Fcomments&post=12021"}],"version-history":[{"count":0,"href":"http:\/\/fmdelpueblo.ar\/index.php?rest_route=\/wp\/v2\/posts\/12021\/revisions"}],"wp:attachment":[{"href":"http:\/\/fmdelpueblo.ar\/index.php?rest_route=%2Fwp%2Fv2%2Fmedia&parent=12021"}],"wp:term":[{"taxonomy":"category","embeddable":true,"href":"http:\/\/fmdelpueblo.ar\/index.php?rest_route=%2Fwp%2Fv2%2Fcategories&post=12021"},{"taxonomy":"post_tag","embeddable":true,"href":"http:\/\/fmdelpueblo.ar\/index.php?rest_route=%2Fwp%2Fv2%2Ftags&post=12021"}],"curies":[{"name":"wp","href":"https:\/\/api.w.org\/{rel}","templated":true}]}}