{"id":12020,"date":"2022-04-05T01:10:12","date_gmt":"2022-04-05T01:10:12","guid":{"rendered":"https:\/\/fmdelpueblo.ar\/?p=12020"},"modified":"2022-04-05T01:10:12","modified_gmt":"2022-04-05T01:10:12","slug":"ariel-coremberg-la-baja-del-dolar-es-inconsistente-con-la-inflacion-esperada-que-hay","status":"publish","type":"post","link":"http:\/\/fmdelpueblo.ar\/?p=12020","title":{"rendered":"Ariel Coremberg: \u201cLa baja del d\u00f3lar es inconsistente con la inflaci\u00f3n esperada que hay\u201d"},"content":{"rendered":"<\/p>\n<p>El economista asegur\u00f3 que el d\u00f3lar s\u00f3lo retrocede en \u00e9pocas electorales y que la canasta de alimentos que controla el Gobierno sube al 3% mensual. <a href=\"https:\/\/www.perfil.com\/noticias\/reperfilar\/coremberg-la-baja-del-dolar-es-inconsistente-con-la-inflacion-esperada-que-hay.phtml\">Leer m\u00e1s<\/a><\/p>\n","protected":false},"excerpt":{"rendered":"<p>El economista asegur\u00f3 que el d\u00f3lar s\u00f3lo retrocede en \u00e9pocas electorales y que la canasta de alimentos que controla el Gobierno sube al 3% mensual. Leer m\u00e1s<\/p>\n","protected":false},"author":0,"featured_media":0,"comment_status":"","ping_status":"","sticky":false,"template":"","format":"standard","meta":{"footnotes":""},"categories":[1],"tags":[],"class_list":["post-12020","post","type-post","status-publish","format-standard","hentry","category-sin-categoria"],"_links":{"self":[{"href":"http:\/\/fmdelpueblo.ar\/index.php?rest_route=\/wp\/v2\/posts\/12020","targetHints":{"allow":["GET"]}}],"collection":[{"href":"http:\/\/fmdelpueblo.ar\/index.php?rest_route=\/wp\/v2\/posts"}],"about":[{"href":"http:\/\/fmdelpueblo.ar\/index.php?rest_route=\/wp\/v2\/types\/post"}],"replies":[{"embeddable":true,"href":"http:\/\/fmdelpueblo.ar\/index.php?rest_route=%2Fwp%2Fv2%2Fcomments&post=12020"}],"version-history":[{"count":0,"href":"http:\/\/fmdelpueblo.ar\/index.php?rest_route=\/wp\/v2\/posts\/12020\/revisions"}],"wp:attachment":[{"href":"http:\/\/fmdelpueblo.ar\/index.php?rest_route=%2Fwp%2Fv2%2Fmedia&parent=12020"}],"wp:term":[{"taxonomy":"category","embeddable":true,"href":"http:\/\/fmdelpueblo.ar\/index.php?rest_route=%2Fwp%2Fv2%2Fcategories&post=12020"},{"taxonomy":"post_tag","embeddable":true,"href":"http:\/\/fmdelpueblo.ar\/index.php?rest_route=%2Fwp%2Fv2%2Ftags&post=12020"}],"curies":[{"name":"wp","href":"https:\/\/api.w.org\/{rel}","templated":true}]}}