{"id":12019,"date":"2022-04-05T01:10:12","date_gmt":"2022-04-05T01:10:12","guid":{"rendered":"https:\/\/fmdelpueblo.ar\/?p=12019"},"modified":"2022-04-05T01:10:12","modified_gmt":"2022-04-05T01:10:12","slug":"juan-carlos-baglietto-uno-desconoce-el-alcance-de-lo-que-puede-llegar-a-hacer","status":"publish","type":"post","link":"http:\/\/fmdelpueblo.ar\/?p=12019","title":{"rendered":"Juan Carlos Baglietto: \u201cUno desconoce el alcance de lo que puede llegar a hacer\u201d"},"content":{"rendered":"<\/p>\n<p>\u201cEstamos muy asombrados de todo lo que nos pas\u00f3 hasta llegar a hacer el disco, ven\u00edamos de tocar ante la indiferencia de la gente\u201d, asegur\u00f3 Baglietto sobre Tiempos Dif\u00edciles, un disco que cumple 40 a\u00f1os. <a href=\"https:\/\/www.perfil.com\/noticias\/reperfilar\/juan-carlos-baglietto-uno-desconoce-el-alcance-de-lo-que-puede-llegar-a-hacer.phtml\">Leer m\u00e1s<\/a><\/p>\n","protected":false},"excerpt":{"rendered":"<p>\u201cEstamos muy asombrados de todo lo que nos pas\u00f3 hasta llegar a hacer el disco, ven\u00edamos de tocar ante la indiferencia de la gente\u201d, asegur\u00f3 Baglietto sobre Tiempos Dif\u00edciles, un disco que cumple 40 a\u00f1os. Leer m\u00e1s<\/p>\n","protected":false},"author":0,"featured_media":0,"comment_status":"","ping_status":"","sticky":false,"template":"","format":"standard","meta":{"footnotes":""},"categories":[1],"tags":[],"class_list":["post-12019","post","type-post","status-publish","format-standard","hentry","category-sin-categoria"],"_links":{"self":[{"href":"http:\/\/fmdelpueblo.ar\/index.php?rest_route=\/wp\/v2\/posts\/12019","targetHints":{"allow":["GET"]}}],"collection":[{"href":"http:\/\/fmdelpueblo.ar\/index.php?rest_route=\/wp\/v2\/posts"}],"about":[{"href":"http:\/\/fmdelpueblo.ar\/index.php?rest_route=\/wp\/v2\/types\/post"}],"replies":[{"embeddable":true,"href":"http:\/\/fmdelpueblo.ar\/index.php?rest_route=%2Fwp%2Fv2%2Fcomments&post=12019"}],"version-history":[{"count":0,"href":"http:\/\/fmdelpueblo.ar\/index.php?rest_route=\/wp\/v2\/posts\/12019\/revisions"}],"wp:attachment":[{"href":"http:\/\/fmdelpueblo.ar\/index.php?rest_route=%2Fwp%2Fv2%2Fmedia&parent=12019"}],"wp:term":[{"taxonomy":"category","embeddable":true,"href":"http:\/\/fmdelpueblo.ar\/index.php?rest_route=%2Fwp%2Fv2%2Fcategories&post=12019"},{"taxonomy":"post_tag","embeddable":true,"href":"http:\/\/fmdelpueblo.ar\/index.php?rest_route=%2Fwp%2Fv2%2Ftags&post=12019"}],"curies":[{"name":"wp","href":"https:\/\/api.w.org\/{rel}","templated":true}]}}