{"id":12016,"date":"2022-04-05T00:09:17","date_gmt":"2022-04-05T00:09:17","guid":{"rendered":"https:\/\/fmdelpueblo.ar\/?p=12016"},"modified":"2022-04-05T00:09:17","modified_gmt":"2022-04-05T00:09:17","slug":"el-81-de-los-argentinos-piensa-que-la-economia-y-los-ingresos-mejoraron-poco-y-nada","status":"publish","type":"post","link":"http:\/\/fmdelpueblo.ar\/?p=12016","title":{"rendered":"El 81% de los argentinos piensa que la econom\u00eda y los ingresos mejoraron \u00abpoco y nada\u00bb"},"content":{"rendered":"<\/p>\n<p>Un estudio de la consultora Analog\u00edas realiz\u00f3 una consulta sobre expectativas econ\u00f3micas y analiz\u00f3 la evoluci\u00f3n de los salarios durante la administraci\u00f3n de Alberto Fern\u00e1ndez. <a href=\"https:\/\/www.perfil.com\/noticias\/economia\/el-81-de-los-argentinos-piensa-que-la-economia-y-los-ingresos-mejoraron-poco-y-nada.phtml\">Leer m\u00e1s<\/a><\/p>\n","protected":false},"excerpt":{"rendered":"<p>Un estudio de la consultora Analog\u00edas realiz\u00f3 una consulta sobre expectativas econ\u00f3micas y analiz\u00f3 la evoluci\u00f3n de los salarios durante la administraci\u00f3n de Alberto Fern\u00e1ndez. Leer m\u00e1s<\/p>\n","protected":false},"author":0,"featured_media":0,"comment_status":"","ping_status":"","sticky":false,"template":"","format":"standard","meta":{"footnotes":""},"categories":[1],"tags":[],"class_list":["post-12016","post","type-post","status-publish","format-standard","hentry","category-sin-categoria"],"_links":{"self":[{"href":"http:\/\/fmdelpueblo.ar\/index.php?rest_route=\/wp\/v2\/posts\/12016","targetHints":{"allow":["GET"]}}],"collection":[{"href":"http:\/\/fmdelpueblo.ar\/index.php?rest_route=\/wp\/v2\/posts"}],"about":[{"href":"http:\/\/fmdelpueblo.ar\/index.php?rest_route=\/wp\/v2\/types\/post"}],"replies":[{"embeddable":true,"href":"http:\/\/fmdelpueblo.ar\/index.php?rest_route=%2Fwp%2Fv2%2Fcomments&post=12016"}],"version-history":[{"count":0,"href":"http:\/\/fmdelpueblo.ar\/index.php?rest_route=\/wp\/v2\/posts\/12016\/revisions"}],"wp:attachment":[{"href":"http:\/\/fmdelpueblo.ar\/index.php?rest_route=%2Fwp%2Fv2%2Fmedia&parent=12016"}],"wp:term":[{"taxonomy":"category","embeddable":true,"href":"http:\/\/fmdelpueblo.ar\/index.php?rest_route=%2Fwp%2Fv2%2Fcategories&post=12016"},{"taxonomy":"post_tag","embeddable":true,"href":"http:\/\/fmdelpueblo.ar\/index.php?rest_route=%2Fwp%2Fv2%2Ftags&post=12016"}],"curies":[{"name":"wp","href":"https:\/\/api.w.org\/{rel}","templated":true}]}}