{"id":12014,"date":"2022-04-05T00:09:17","date_gmt":"2022-04-05T00:09:17","guid":{"rendered":"https:\/\/fmdelpueblo.ar\/?p=12014"},"modified":"2022-04-05T00:09:17","modified_gmt":"2022-04-05T00:09:17","slug":"santiago-del-estero-denunciaran-ante-la-onu-muertes-torturas-y-amenazas-por-parte-de-la-policia","status":"publish","type":"post","link":"http:\/\/fmdelpueblo.ar\/?p=12014","title":{"rendered":"Santiago del Estero: denunciar\u00e1n ante la ONU \u00abmuertes, torturas y amenazas\u00bb por parte de la polic\u00eda"},"content":{"rendered":"<\/p>\n<p>De acuerdo al informe que presentar\u00e1n referentes de la oposici\u00f3n ante Naciones Unidas, se trata de hechos que habr\u00edan ocurrido durante 2020 y 2021. Denuncian \u00abamedrentamiento policial\u00bb y responsabilizan al Estado.  <a href=\"https:\/\/www.perfil.com\/noticias\/politica\/santiago-del-estero-denunciaran-ante-la-onu-muertes-torturas-y-amenazas-por-parte-de-la-policia.phtml\">Leer m\u00e1s<\/a><\/p>\n","protected":false},"excerpt":{"rendered":"<p>De acuerdo al informe que presentar\u00e1n referentes de la oposici\u00f3n ante Naciones Unidas, se trata de hechos que habr\u00edan ocurrido durante 2020 y 2021. Denuncian \u00abamedrentamiento policial\u00bb y responsabilizan al Estado. Leer m\u00e1s<\/p>\n","protected":false},"author":0,"featured_media":0,"comment_status":"","ping_status":"","sticky":false,"template":"","format":"standard","meta":{"footnotes":""},"categories":[1],"tags":[],"class_list":["post-12014","post","type-post","status-publish","format-standard","hentry","category-sin-categoria"],"_links":{"self":[{"href":"http:\/\/fmdelpueblo.ar\/index.php?rest_route=\/wp\/v2\/posts\/12014","targetHints":{"allow":["GET"]}}],"collection":[{"href":"http:\/\/fmdelpueblo.ar\/index.php?rest_route=\/wp\/v2\/posts"}],"about":[{"href":"http:\/\/fmdelpueblo.ar\/index.php?rest_route=\/wp\/v2\/types\/post"}],"replies":[{"embeddable":true,"href":"http:\/\/fmdelpueblo.ar\/index.php?rest_route=%2Fwp%2Fv2%2Fcomments&post=12014"}],"version-history":[{"count":0,"href":"http:\/\/fmdelpueblo.ar\/index.php?rest_route=\/wp\/v2\/posts\/12014\/revisions"}],"wp:attachment":[{"href":"http:\/\/fmdelpueblo.ar\/index.php?rest_route=%2Fwp%2Fv2%2Fmedia&parent=12014"}],"wp:term":[{"taxonomy":"category","embeddable":true,"href":"http:\/\/fmdelpueblo.ar\/index.php?rest_route=%2Fwp%2Fv2%2Fcategories&post=12014"},{"taxonomy":"post_tag","embeddable":true,"href":"http:\/\/fmdelpueblo.ar\/index.php?rest_route=%2Fwp%2Fv2%2Ftags&post=12014"}],"curies":[{"name":"wp","href":"https:\/\/api.w.org\/{rel}","templated":true}]}}