{"id":12007,"date":"2022-04-04T23:10:29","date_gmt":"2022-04-04T23:10:29","guid":{"rendered":"https:\/\/fmdelpueblo.ar\/?p=12007"},"modified":"2022-04-04T23:10:29","modified_gmt":"2022-04-04T23:10:29","slug":"mercedes-marco-del-pont-critico-el-doble-estandar-de-larreta-y-macri-sobre-el-impuesto-inmobiliario","status":"publish","type":"post","link":"http:\/\/fmdelpueblo.ar\/?p=12007","title":{"rendered":"Mercedes Marc\u00f3 del Pont critic\u00f3 el \u00abdoble est\u00e1ndar\u00bb de Larreta y Macri sobre el impuesto inmobiliario"},"content":{"rendered":"<\/p>\n<p>La titular de la AFIP rechaz\u00f3 la posici\u00f3n del jefe de gobierno porte\u00f1o, quien sostuvo que es una decisi\u00f3n \u00abdiscriminatoria e injustificada\u00bb y alert\u00f3 que provocar\u00e1 aumentos de hasta 500%. <a href=\"https:\/\/www.perfil.com\/noticias\/actualidad\/mercedes-marco-del-pont-critico-el-doble-estandar-de-larreta-y-macri-sobre-el-impuesto-inmobiliario.phtml\">Leer m\u00e1s<\/a><\/p>\n","protected":false},"excerpt":{"rendered":"<p>La titular de la AFIP rechaz\u00f3 la posici\u00f3n del jefe de gobierno porte\u00f1o, quien sostuvo que es una decisi\u00f3n \u00abdiscriminatoria e injustificada\u00bb y alert\u00f3 que provocar\u00e1 aumentos de hasta 500%. Leer m\u00e1s<\/p>\n","protected":false},"author":0,"featured_media":0,"comment_status":"","ping_status":"","sticky":false,"template":"","format":"standard","meta":{"footnotes":""},"categories":[1],"tags":[],"class_list":["post-12007","post","type-post","status-publish","format-standard","hentry","category-sin-categoria"],"_links":{"self":[{"href":"http:\/\/fmdelpueblo.ar\/index.php?rest_route=\/wp\/v2\/posts\/12007","targetHints":{"allow":["GET"]}}],"collection":[{"href":"http:\/\/fmdelpueblo.ar\/index.php?rest_route=\/wp\/v2\/posts"}],"about":[{"href":"http:\/\/fmdelpueblo.ar\/index.php?rest_route=\/wp\/v2\/types\/post"}],"replies":[{"embeddable":true,"href":"http:\/\/fmdelpueblo.ar\/index.php?rest_route=%2Fwp%2Fv2%2Fcomments&post=12007"}],"version-history":[{"count":0,"href":"http:\/\/fmdelpueblo.ar\/index.php?rest_route=\/wp\/v2\/posts\/12007\/revisions"}],"wp:attachment":[{"href":"http:\/\/fmdelpueblo.ar\/index.php?rest_route=%2Fwp%2Fv2%2Fmedia&parent=12007"}],"wp:term":[{"taxonomy":"category","embeddable":true,"href":"http:\/\/fmdelpueblo.ar\/index.php?rest_route=%2Fwp%2Fv2%2Fcategories&post=12007"},{"taxonomy":"post_tag","embeddable":true,"href":"http:\/\/fmdelpueblo.ar\/index.php?rest_route=%2Fwp%2Fv2%2Ftags&post=12007"}],"curies":[{"name":"wp","href":"https:\/\/api.w.org\/{rel}","templated":true}]}}