{"id":12005,"date":"2022-04-04T22:09:14","date_gmt":"2022-04-04T22:09:14","guid":{"rendered":"http:\/\/fmdelpueblo.ar\/?p=12005"},"modified":"2022-04-04T22:09:14","modified_gmt":"2022-04-04T22:09:14","slug":"gabriel-boric-cuestiono-que-solo-le-pregunten-por-derechos-humanos-en-cuba-nicaragua-y-venezuela-y-culpo-a-los-medios","status":"publish","type":"post","link":"http:\/\/fmdelpueblo.ar\/?p=12005","title":{"rendered":"Gabriel Boric cuestion\u00f3 que s\u00f3lo le pregunten por Derechos Humanos en Cuba, Nicaragua y Venezuela y culp\u00f3 a los medios"},"content":{"rendered":"<\/p>\n<p>El presidente chileno dijo que existe un \u00abdoble est\u00e1ndar\u00bb sobre este tema y afirm\u00f3 que \u00abse tienen que respetar de manera \u00edntegra en todos los lugares del mundo\u00bb. <a href=\"https:\/\/www.perfil.com\/noticias\/politica\/gabriel-boric-cuestiono-que-solo-le-pregunten-por-derechos-humanos-en-cuba-nicaragua-y-venezuela-y-culpo-a-los-medios.phtml\">Leer m\u00e1s<\/a><\/p>\n","protected":false},"excerpt":{"rendered":"<p>El presidente chileno dijo que existe un \u00abdoble est\u00e1ndar\u00bb sobre este tema y afirm\u00f3 que \u00abse tienen que respetar de manera \u00edntegra en todos los lugares del mundo\u00bb. Leer m\u00e1s<\/p>\n","protected":false},"author":0,"featured_media":0,"comment_status":"","ping_status":"","sticky":false,"template":"","format":"standard","meta":{"footnotes":""},"categories":[1],"tags":[],"class_list":["post-12005","post","type-post","status-publish","format-standard","hentry","category-sin-categoria"],"_links":{"self":[{"href":"http:\/\/fmdelpueblo.ar\/index.php?rest_route=\/wp\/v2\/posts\/12005","targetHints":{"allow":["GET"]}}],"collection":[{"href":"http:\/\/fmdelpueblo.ar\/index.php?rest_route=\/wp\/v2\/posts"}],"about":[{"href":"http:\/\/fmdelpueblo.ar\/index.php?rest_route=\/wp\/v2\/types\/post"}],"replies":[{"embeddable":true,"href":"http:\/\/fmdelpueblo.ar\/index.php?rest_route=%2Fwp%2Fv2%2Fcomments&post=12005"}],"version-history":[{"count":0,"href":"http:\/\/fmdelpueblo.ar\/index.php?rest_route=\/wp\/v2\/posts\/12005\/revisions"}],"wp:attachment":[{"href":"http:\/\/fmdelpueblo.ar\/index.php?rest_route=%2Fwp%2Fv2%2Fmedia&parent=12005"}],"wp:term":[{"taxonomy":"category","embeddable":true,"href":"http:\/\/fmdelpueblo.ar\/index.php?rest_route=%2Fwp%2Fv2%2Fcategories&post=12005"},{"taxonomy":"post_tag","embeddable":true,"href":"http:\/\/fmdelpueblo.ar\/index.php?rest_route=%2Fwp%2Fv2%2Ftags&post=12005"}],"curies":[{"name":"wp","href":"https:\/\/api.w.org\/{rel}","templated":true}]}}