{"id":12001,"date":"2022-04-04T21:08:58","date_gmt":"2022-04-04T21:08:58","guid":{"rendered":"https:\/\/fmdelpueblo.ar\/?p=12001"},"modified":"2022-04-04T21:08:58","modified_gmt":"2022-04-04T21:08:58","slug":"horacio-rodriguez-larreta-trato-de-ilegitimo-y-discriminatorio-la-revaluacion-fiscal-de-los-inmuebles-portenos","status":"publish","type":"post","link":"http:\/\/fmdelpueblo.ar\/?p=12001","title":{"rendered":"Horacio Rodr\u00edguez Larreta trat\u00f3 de \u00abileg\u00edtimo y discriminatorio\u00bb la revaluaci\u00f3n fiscal de los inmuebles porte\u00f1os"},"content":{"rendered":"<\/p>\n<p>El jefe de Gobierno porte\u00f1o cuestion\u00f3 el dictamen de la AFIP que cuadruplica el valor de los inmuebles porte\u00f1os para aumentar la recaudaci\u00f3n. \u00ab220 mil nuevos contribuyentes deber\u00e1n darse de alta por el solo\u00a0hecho de tener un inmueble\u00bb, afirma. <a href=\"https:\/\/www.perfil.com\/noticias\/politica\/horacio-rodriguez-larreta-trato-de-ilegitimo-y-discriminatorio-la-revaluacion-fiscal-de-los-inmuebles-portenos.phtml\">Leer m\u00e1s<\/a><\/p>\n","protected":false},"excerpt":{"rendered":"<p>El jefe de Gobierno porte\u00f1o cuestion\u00f3 el dictamen de la AFIP que cuadruplica el valor de los inmuebles porte\u00f1os para aumentar la recaudaci\u00f3n. \u00ab220 mil nuevos contribuyentes deber\u00e1n darse de alta por el solo\u00a0hecho de tener un inmueble\u00bb, afirma. Leer m\u00e1s<\/p>\n","protected":false},"author":0,"featured_media":0,"comment_status":"","ping_status":"","sticky":false,"template":"","format":"standard","meta":{"footnotes":""},"categories":[1],"tags":[],"class_list":["post-12001","post","type-post","status-publish","format-standard","hentry","category-sin-categoria"],"_links":{"self":[{"href":"http:\/\/fmdelpueblo.ar\/index.php?rest_route=\/wp\/v2\/posts\/12001","targetHints":{"allow":["GET"]}}],"collection":[{"href":"http:\/\/fmdelpueblo.ar\/index.php?rest_route=\/wp\/v2\/posts"}],"about":[{"href":"http:\/\/fmdelpueblo.ar\/index.php?rest_route=\/wp\/v2\/types\/post"}],"replies":[{"embeddable":true,"href":"http:\/\/fmdelpueblo.ar\/index.php?rest_route=%2Fwp%2Fv2%2Fcomments&post=12001"}],"version-history":[{"count":0,"href":"http:\/\/fmdelpueblo.ar\/index.php?rest_route=\/wp\/v2\/posts\/12001\/revisions"}],"wp:attachment":[{"href":"http:\/\/fmdelpueblo.ar\/index.php?rest_route=%2Fwp%2Fv2%2Fmedia&parent=12001"}],"wp:term":[{"taxonomy":"category","embeddable":true,"href":"http:\/\/fmdelpueblo.ar\/index.php?rest_route=%2Fwp%2Fv2%2Fcategories&post=12001"},{"taxonomy":"post_tag","embeddable":true,"href":"http:\/\/fmdelpueblo.ar\/index.php?rest_route=%2Fwp%2Fv2%2Ftags&post=12001"}],"curies":[{"name":"wp","href":"https:\/\/api.w.org\/{rel}","templated":true}]}}