{"id":11988,"date":"2022-04-04T19:10:28","date_gmt":"2022-04-04T19:10:28","guid":{"rendered":"https:\/\/fmdelpueblo.ar\/?p=11988"},"modified":"2022-04-04T19:10:28","modified_gmt":"2022-04-04T19:10:28","slug":"presentan-proyecto-de-ley-para-emitir-un-billete-de-5-000-con-la-cara-de-dos-referentes-de-la-medicina","status":"publish","type":"post","link":"http:\/\/fmdelpueblo.ar\/?p=11988","title":{"rendered":"Presentan proyecto de ley para emitir un billete de $5.000 con la cara de dos referentes de la medicina"},"content":{"rendered":"<\/p>\n<p>La diputada nacional, Ana Carla Carrizo, realiz\u00f3 la propuesta y solicit\u00f3 que llevara\u00a0la imagen dos m\u00e9dicos. De qui\u00e9nes se trata. <a href=\"https:\/\/www.perfil.com\/noticias\/economia\/presentan-proyecto-de-ley-para-emitir-un-billete-de-5000-con-la-cara-de-dos-referentes-de-la-medicina.phtml\">Leer m\u00e1s<\/a><\/p>\n","protected":false},"excerpt":{"rendered":"<p>La diputada nacional, Ana Carla Carrizo, realiz\u00f3 la propuesta y solicit\u00f3 que llevara\u00a0la imagen dos m\u00e9dicos. De qui\u00e9nes se trata. Leer m\u00e1s<\/p>\n","protected":false},"author":0,"featured_media":0,"comment_status":"","ping_status":"","sticky":false,"template":"","format":"standard","meta":{"footnotes":""},"categories":[1],"tags":[],"class_list":["post-11988","post","type-post","status-publish","format-standard","hentry","category-sin-categoria"],"_links":{"self":[{"href":"http:\/\/fmdelpueblo.ar\/index.php?rest_route=\/wp\/v2\/posts\/11988","targetHints":{"allow":["GET"]}}],"collection":[{"href":"http:\/\/fmdelpueblo.ar\/index.php?rest_route=\/wp\/v2\/posts"}],"about":[{"href":"http:\/\/fmdelpueblo.ar\/index.php?rest_route=\/wp\/v2\/types\/post"}],"replies":[{"embeddable":true,"href":"http:\/\/fmdelpueblo.ar\/index.php?rest_route=%2Fwp%2Fv2%2Fcomments&post=11988"}],"version-history":[{"count":0,"href":"http:\/\/fmdelpueblo.ar\/index.php?rest_route=\/wp\/v2\/posts\/11988\/revisions"}],"wp:attachment":[{"href":"http:\/\/fmdelpueblo.ar\/index.php?rest_route=%2Fwp%2Fv2%2Fmedia&parent=11988"}],"wp:term":[{"taxonomy":"category","embeddable":true,"href":"http:\/\/fmdelpueblo.ar\/index.php?rest_route=%2Fwp%2Fv2%2Fcategories&post=11988"},{"taxonomy":"post_tag","embeddable":true,"href":"http:\/\/fmdelpueblo.ar\/index.php?rest_route=%2Fwp%2Fv2%2Ftags&post=11988"}],"curies":[{"name":"wp","href":"https:\/\/api.w.org\/{rel}","templated":true}]}}