{"id":11986,"date":"2022-04-04T19:10:28","date_gmt":"2022-04-04T19:10:28","guid":{"rendered":"https:\/\/fmdelpueblo.ar\/?p=11986"},"modified":"2022-04-04T19:10:28","modified_gmt":"2022-04-04T19:10:28","slug":"gabriel-boric-visita-el-congreso-con-reuniones-con-cristina-kirchner-y-sergio-massa","status":"publish","type":"post","link":"http:\/\/fmdelpueblo.ar\/?p=11986","title":{"rendered":"Gabriel Boric visita el Congreso con reuniones con Cristina Kirchner y Sergio Massa"},"content":{"rendered":"<\/p>\n<p>El presidente de Chile estar\u00e1 acompa\u00f1ado por una comitiva legislativa de su pa\u00eds, entre quienes se encuentran el presidente del Senado chileno, y de la C\u00e1mara de Diputadas y Diputados.  <a href=\"https:\/\/www.perfil.com\/noticias\/politica\/gabriel-boric-visita-el-congreso-con-reuniones-con-cristina-kirchner-y-sergio-massa.phtml\">Leer m\u00e1s<\/a><\/p>\n","protected":false},"excerpt":{"rendered":"<p>El presidente de Chile estar\u00e1 acompa\u00f1ado por una comitiva legislativa de su pa\u00eds, entre quienes se encuentran el presidente del Senado chileno, y de la C\u00e1mara de Diputadas y Diputados. Leer m\u00e1s<\/p>\n","protected":false},"author":0,"featured_media":0,"comment_status":"","ping_status":"","sticky":false,"template":"","format":"standard","meta":{"footnotes":""},"categories":[1],"tags":[],"class_list":["post-11986","post","type-post","status-publish","format-standard","hentry","category-sin-categoria"],"_links":{"self":[{"href":"http:\/\/fmdelpueblo.ar\/index.php?rest_route=\/wp\/v2\/posts\/11986","targetHints":{"allow":["GET"]}}],"collection":[{"href":"http:\/\/fmdelpueblo.ar\/index.php?rest_route=\/wp\/v2\/posts"}],"about":[{"href":"http:\/\/fmdelpueblo.ar\/index.php?rest_route=\/wp\/v2\/types\/post"}],"replies":[{"embeddable":true,"href":"http:\/\/fmdelpueblo.ar\/index.php?rest_route=%2Fwp%2Fv2%2Fcomments&post=11986"}],"version-history":[{"count":0,"href":"http:\/\/fmdelpueblo.ar\/index.php?rest_route=\/wp\/v2\/posts\/11986\/revisions"}],"wp:attachment":[{"href":"http:\/\/fmdelpueblo.ar\/index.php?rest_route=%2Fwp%2Fv2%2Fmedia&parent=11986"}],"wp:term":[{"taxonomy":"category","embeddable":true,"href":"http:\/\/fmdelpueblo.ar\/index.php?rest_route=%2Fwp%2Fv2%2Fcategories&post=11986"},{"taxonomy":"post_tag","embeddable":true,"href":"http:\/\/fmdelpueblo.ar\/index.php?rest_route=%2Fwp%2Fv2%2Ftags&post=11986"}],"curies":[{"name":"wp","href":"https:\/\/api.w.org\/{rel}","templated":true}]}}