{"id":11983,"date":"2022-04-04T18:09:03","date_gmt":"2022-04-04T18:09:03","guid":{"rendered":"https:\/\/fmdelpueblo.ar\/?p=11983"},"modified":"2022-04-04T18:09:03","modified_gmt":"2022-04-04T18:09:03","slug":"murio-el-escritor-sergio-chejfec","status":"publish","type":"post","link":"http:\/\/fmdelpueblo.ar\/?p=11983","title":{"rendered":"Muri\u00f3 el escritor Sergio Chejfec"},"content":{"rendered":"<\/p>\n<p>El argentino falleci\u00f3 en Nueva York a los 65 a\u00f1os. Casado con la ensayista Graciela Montaldo, hab\u00eda vivido e Caracas, donde se desempe\u00f1\u00f3 como editor de la revista Nueva Sociedad, y actualmente viv\u00eda en Estados Unidos, donde daba clases en la Universidad de esa ciudad. Este a\u00f1o se cumpl\u00edan 30 a\u00f1os de la publicaci\u00f3n de su novela El aire. Escuch\u00e1 la columna completa. <a href=\"https:\/\/www.perfil.com\/noticias\/cultura\/murio-el-escritor-sergio-chejfec-modof.phtml\">Leer m\u00e1s<\/a><\/p>\n","protected":false},"excerpt":{"rendered":"<p>El argentino falleci\u00f3 en Nueva York a los 65 a\u00f1os. Casado con la ensayista Graciela Montaldo, hab\u00eda vivido e Caracas, donde se desempe\u00f1\u00f3 como editor de la revista Nueva Sociedad, y actualmente viv\u00eda en Estados Unidos, donde daba clases en la Universidad de esa ciudad. Este a\u00f1o se cumpl\u00edan 30 a\u00f1os de la publicaci\u00f3n de [&hellip;]<\/p>\n","protected":false},"author":0,"featured_media":0,"comment_status":"","ping_status":"","sticky":false,"template":"","format":"standard","meta":{"footnotes":""},"categories":[1],"tags":[],"class_list":["post-11983","post","type-post","status-publish","format-standard","hentry","category-sin-categoria"],"_links":{"self":[{"href":"http:\/\/fmdelpueblo.ar\/index.php?rest_route=\/wp\/v2\/posts\/11983","targetHints":{"allow":["GET"]}}],"collection":[{"href":"http:\/\/fmdelpueblo.ar\/index.php?rest_route=\/wp\/v2\/posts"}],"about":[{"href":"http:\/\/fmdelpueblo.ar\/index.php?rest_route=\/wp\/v2\/types\/post"}],"replies":[{"embeddable":true,"href":"http:\/\/fmdelpueblo.ar\/index.php?rest_route=%2Fwp%2Fv2%2Fcomments&post=11983"}],"version-history":[{"count":0,"href":"http:\/\/fmdelpueblo.ar\/index.php?rest_route=\/wp\/v2\/posts\/11983\/revisions"}],"wp:attachment":[{"href":"http:\/\/fmdelpueblo.ar\/index.php?rest_route=%2Fwp%2Fv2%2Fmedia&parent=11983"}],"wp:term":[{"taxonomy":"category","embeddable":true,"href":"http:\/\/fmdelpueblo.ar\/index.php?rest_route=%2Fwp%2Fv2%2Fcategories&post=11983"},{"taxonomy":"post_tag","embeddable":true,"href":"http:\/\/fmdelpueblo.ar\/index.php?rest_route=%2Fwp%2Fv2%2Ftags&post=11983"}],"curies":[{"name":"wp","href":"https:\/\/api.w.org\/{rel}","templated":true}]}}