{"id":11982,"date":"2022-04-04T18:09:03","date_gmt":"2022-04-04T18:09:03","guid":{"rendered":"https:\/\/fmdelpueblo.ar\/?p=11982"},"modified":"2022-04-04T18:09:03","modified_gmt":"2022-04-04T18:09:03","slug":"carlos-alcaraz-se-consagro-campeon-del-miami-open","status":"publish","type":"post","link":"http:\/\/fmdelpueblo.ar\/?p=11982","title":{"rendered":"Carlos Alcaraz se consagr\u00f3 campe\u00f3n del Miami Open"},"content":{"rendered":"<\/p>\n<p>El tenista espa\u00f1ol se convirti\u00f3 en m\u00e1s joven en ganar este Masters 1000, a su 18 a\u00f1os y 33 d\u00edas. <a href=\"https:\/\/www.perfil.com\/noticias\/deportes\/carlos-alcaraz-se-consagro-campeon-del-miami-open-modof.phtml\">Leer m\u00e1s<\/a><\/p>\n","protected":false},"excerpt":{"rendered":"<p>El tenista espa\u00f1ol se convirti\u00f3 en m\u00e1s joven en ganar este Masters 1000, a su 18 a\u00f1os y 33 d\u00edas. Leer m\u00e1s<\/p>\n","protected":false},"author":0,"featured_media":0,"comment_status":"","ping_status":"","sticky":false,"template":"","format":"standard","meta":{"footnotes":""},"categories":[1],"tags":[],"class_list":["post-11982","post","type-post","status-publish","format-standard","hentry","category-sin-categoria"],"_links":{"self":[{"href":"http:\/\/fmdelpueblo.ar\/index.php?rest_route=\/wp\/v2\/posts\/11982","targetHints":{"allow":["GET"]}}],"collection":[{"href":"http:\/\/fmdelpueblo.ar\/index.php?rest_route=\/wp\/v2\/posts"}],"about":[{"href":"http:\/\/fmdelpueblo.ar\/index.php?rest_route=\/wp\/v2\/types\/post"}],"replies":[{"embeddable":true,"href":"http:\/\/fmdelpueblo.ar\/index.php?rest_route=%2Fwp%2Fv2%2Fcomments&post=11982"}],"version-history":[{"count":0,"href":"http:\/\/fmdelpueblo.ar\/index.php?rest_route=\/wp\/v2\/posts\/11982\/revisions"}],"wp:attachment":[{"href":"http:\/\/fmdelpueblo.ar\/index.php?rest_route=%2Fwp%2Fv2%2Fmedia&parent=11982"}],"wp:term":[{"taxonomy":"category","embeddable":true,"href":"http:\/\/fmdelpueblo.ar\/index.php?rest_route=%2Fwp%2Fv2%2Fcategories&post=11982"},{"taxonomy":"post_tag","embeddable":true,"href":"http:\/\/fmdelpueblo.ar\/index.php?rest_route=%2Fwp%2Fv2%2Ftags&post=11982"}],"curies":[{"name":"wp","href":"https:\/\/api.w.org\/{rel}","templated":true}]}}