{"id":11903,"date":"2022-04-03T05:08:56","date_gmt":"2022-04-03T05:08:56","guid":{"rendered":"https:\/\/fmdelpueblo.ar\/?p=11903"},"modified":"2022-04-03T05:08:56","modified_gmt":"2022-04-03T05:08:56","slug":"el-cementerio-de-la-recoleta-cobrara-entrada-a-los-grupos-de-turistas-extranjeros-y-locales","status":"publish","type":"post","link":"http:\/\/fmdelpueblo.ar\/?p=11903","title":{"rendered":"El cementerio de la Recoleta cobrar\u00e1 entrada a los grupos de turistas extranjeros y locales"},"content":{"rendered":"<\/p>\n<p>De todas maneras, los contingentes que ya ten\u00edan reservas acordadas con las agencias de turismo y gu\u00edas independientes podr\u00e1n entrar gratis hasta Semana Santa. Cu\u00e1nto se deber\u00e1 pagar para recorrer la necr\u00f3polis. <a href=\"https:\/\/www.perfil.com\/noticias\/sociedad\/el-cementerio-de-la-recoleta-cobrara-entrada-a-los-grupos-de-turistas-extranjeros-y-locales.phtml\">Leer m\u00e1s<\/a><\/p>\n","protected":false},"excerpt":{"rendered":"<p>De todas maneras, los contingentes que ya ten\u00edan reservas acordadas con las agencias de turismo y gu\u00edas independientes podr\u00e1n entrar gratis hasta Semana Santa. Cu\u00e1nto se deber\u00e1 pagar para recorrer la necr\u00f3polis. Leer m\u00e1s<\/p>\n","protected":false},"author":0,"featured_media":0,"comment_status":"","ping_status":"","sticky":false,"template":"","format":"standard","meta":{"footnotes":""},"categories":[1],"tags":[],"class_list":["post-11903","post","type-post","status-publish","format-standard","hentry","category-sin-categoria"],"_links":{"self":[{"href":"http:\/\/fmdelpueblo.ar\/index.php?rest_route=\/wp\/v2\/posts\/11903","targetHints":{"allow":["GET"]}}],"collection":[{"href":"http:\/\/fmdelpueblo.ar\/index.php?rest_route=\/wp\/v2\/posts"}],"about":[{"href":"http:\/\/fmdelpueblo.ar\/index.php?rest_route=\/wp\/v2\/types\/post"}],"replies":[{"embeddable":true,"href":"http:\/\/fmdelpueblo.ar\/index.php?rest_route=%2Fwp%2Fv2%2Fcomments&post=11903"}],"version-history":[{"count":0,"href":"http:\/\/fmdelpueblo.ar\/index.php?rest_route=\/wp\/v2\/posts\/11903\/revisions"}],"wp:attachment":[{"href":"http:\/\/fmdelpueblo.ar\/index.php?rest_route=%2Fwp%2Fv2%2Fmedia&parent=11903"}],"wp:term":[{"taxonomy":"category","embeddable":true,"href":"http:\/\/fmdelpueblo.ar\/index.php?rest_route=%2Fwp%2Fv2%2Fcategories&post=11903"},{"taxonomy":"post_tag","embeddable":true,"href":"http:\/\/fmdelpueblo.ar\/index.php?rest_route=%2Fwp%2Fv2%2Ftags&post=11903"}],"curies":[{"name":"wp","href":"https:\/\/api.w.org\/{rel}","templated":true}]}}