{"id":11896,"date":"2022-04-03T04:10:31","date_gmt":"2022-04-03T04:10:31","guid":{"rendered":"https:\/\/fmdelpueblo.ar\/?p=11896"},"modified":"2022-04-03T04:10:31","modified_gmt":"2022-04-03T04:10:31","slug":"un-cafe-incomodo","status":"publish","type":"post","link":"http:\/\/fmdelpueblo.ar\/?p=11896","title":{"rendered":"Un caf\u00e9 inc\u00f3modo\u2026"},"content":{"rendered":"<\/p>\n<p>El encuentro de un radical con Garc\u00eda Elorrio, la figurita dif\u00edcil para el \u00e1lbum de Juntos por el Cambio. Adem\u00e1s, la charla de WhatsApp entre dos intendentes preocupados por las fechas 2023. <a href=\"https:\/\/www.perfil.com\/noticias\/cordoba\/un-cafe-incomodo.phtml\">Leer m\u00e1s<\/a><\/p>\n","protected":false},"excerpt":{"rendered":"<p>El encuentro de un radical con Garc\u00eda Elorrio, la figurita dif\u00edcil para el \u00e1lbum de Juntos por el Cambio. Adem\u00e1s, la charla de WhatsApp entre dos intendentes preocupados por las fechas 2023. Leer m\u00e1s<\/p>\n","protected":false},"author":0,"featured_media":0,"comment_status":"","ping_status":"","sticky":false,"template":"","format":"standard","meta":{"footnotes":""},"categories":[1],"tags":[],"class_list":["post-11896","post","type-post","status-publish","format-standard","hentry","category-sin-categoria"],"_links":{"self":[{"href":"http:\/\/fmdelpueblo.ar\/index.php?rest_route=\/wp\/v2\/posts\/11896","targetHints":{"allow":["GET"]}}],"collection":[{"href":"http:\/\/fmdelpueblo.ar\/index.php?rest_route=\/wp\/v2\/posts"}],"about":[{"href":"http:\/\/fmdelpueblo.ar\/index.php?rest_route=\/wp\/v2\/types\/post"}],"replies":[{"embeddable":true,"href":"http:\/\/fmdelpueblo.ar\/index.php?rest_route=%2Fwp%2Fv2%2Fcomments&post=11896"}],"version-history":[{"count":0,"href":"http:\/\/fmdelpueblo.ar\/index.php?rest_route=\/wp\/v2\/posts\/11896\/revisions"}],"wp:attachment":[{"href":"http:\/\/fmdelpueblo.ar\/index.php?rest_route=%2Fwp%2Fv2%2Fmedia&parent=11896"}],"wp:term":[{"taxonomy":"category","embeddable":true,"href":"http:\/\/fmdelpueblo.ar\/index.php?rest_route=%2Fwp%2Fv2%2Fcategories&post=11896"},{"taxonomy":"post_tag","embeddable":true,"href":"http:\/\/fmdelpueblo.ar\/index.php?rest_route=%2Fwp%2Fv2%2Ftags&post=11896"}],"curies":[{"name":"wp","href":"https:\/\/api.w.org\/{rel}","templated":true}]}}