{"id":11894,"date":"2022-04-03T04:10:30","date_gmt":"2022-04-03T04:10:30","guid":{"rendered":"https:\/\/fmdelpueblo.ar\/?p=11894"},"modified":"2022-04-03T04:10:30","modified_gmt":"2022-04-03T04:10:30","slug":"consejo-de-la-magistratura-entre-el-fallo-de-la-corte-y-la-paralisis-actual","status":"publish","type":"post","link":"http:\/\/fmdelpueblo.ar\/?p=11894","title":{"rendered":"Consejo de la Magistratura: entre el fallo de la Corte y la par\u00e1lisis actual"},"content":{"rendered":"<\/p>\n<p>PERFIL C\u00d3RDOBA entrevist\u00f3 a las m\u00e1ximas autoridades del \u00f3rgano que designa a jueces federales: el presidente cercano al oficialismo, Alberto Lugones, y el vice alineado con JxC, Carlos Matterson. Qu\u00e9 pasar\u00e1 despu\u00e9s del 15 de abril.  <a href=\"https:\/\/www.perfil.com\/noticias\/cordoba\/consejo-de-la-magistratura-entre-el-fallo-de-la-corte-y-la-paralisis-actual.phtml\">Leer m\u00e1s<\/a><\/p>\n","protected":false},"excerpt":{"rendered":"<p>PERFIL C\u00d3RDOBA entrevist\u00f3 a las m\u00e1ximas autoridades del \u00f3rgano que designa a jueces federales: el presidente cercano al oficialismo, Alberto Lugones, y el vice alineado con JxC, Carlos Matterson. Qu\u00e9 pasar\u00e1 despu\u00e9s del 15 de abril. Leer m\u00e1s<\/p>\n","protected":false},"author":0,"featured_media":0,"comment_status":"","ping_status":"","sticky":false,"template":"","format":"standard","meta":{"footnotes":""},"categories":[1],"tags":[],"class_list":["post-11894","post","type-post","status-publish","format-standard","hentry","category-sin-categoria"],"_links":{"self":[{"href":"http:\/\/fmdelpueblo.ar\/index.php?rest_route=\/wp\/v2\/posts\/11894","targetHints":{"allow":["GET"]}}],"collection":[{"href":"http:\/\/fmdelpueblo.ar\/index.php?rest_route=\/wp\/v2\/posts"}],"about":[{"href":"http:\/\/fmdelpueblo.ar\/index.php?rest_route=\/wp\/v2\/types\/post"}],"replies":[{"embeddable":true,"href":"http:\/\/fmdelpueblo.ar\/index.php?rest_route=%2Fwp%2Fv2%2Fcomments&post=11894"}],"version-history":[{"count":0,"href":"http:\/\/fmdelpueblo.ar\/index.php?rest_route=\/wp\/v2\/posts\/11894\/revisions"}],"wp:attachment":[{"href":"http:\/\/fmdelpueblo.ar\/index.php?rest_route=%2Fwp%2Fv2%2Fmedia&parent=11894"}],"wp:term":[{"taxonomy":"category","embeddable":true,"href":"http:\/\/fmdelpueblo.ar\/index.php?rest_route=%2Fwp%2Fv2%2Fcategories&post=11894"},{"taxonomy":"post_tag","embeddable":true,"href":"http:\/\/fmdelpueblo.ar\/index.php?rest_route=%2Fwp%2Fv2%2Ftags&post=11894"}],"curies":[{"name":"wp","href":"https:\/\/api.w.org\/{rel}","templated":true}]}}