{"id":11893,"date":"2022-04-03T04:10:30","date_gmt":"2022-04-03T04:10:30","guid":{"rendered":"https:\/\/fmdelpueblo.ar\/?p=11893"},"modified":"2022-04-03T04:10:30","modified_gmt":"2022-04-03T04:10:30","slug":"llaryora-se-muestra-en-modo-candidato-y-empieza-el-recorrido-por-la-provincia","status":"publish","type":"post","link":"http:\/\/fmdelpueblo.ar\/?p=11893","title":{"rendered":"Llaryora se muestra en modo candidato y empieza el recorrido por la Provincia"},"content":{"rendered":"<\/p>\n<p>Cada vez m\u00e1s involucrado en temas nacionales, ya prepara un viaje al norte de C\u00f3rdoba. En la semana que pas\u00f3 recibi\u00f3 a una treintena de intendentes del pa\u00eds y la provincia, algunos de los cuales destacaron a la ciudad capital.  <a href=\"https:\/\/www.perfil.com\/noticias\/cordoba\/llaryora-se-muestra-en-modo-candidato-y-empieza-el-recorrido-por-la-provincia.phtml\">Leer m\u00e1s<\/a><\/p>\n","protected":false},"excerpt":{"rendered":"<p>Cada vez m\u00e1s involucrado en temas nacionales, ya prepara un viaje al norte de C\u00f3rdoba. En la semana que pas\u00f3 recibi\u00f3 a una treintena de intendentes del pa\u00eds y la provincia, algunos de los cuales destacaron a la ciudad capital. Leer m\u00e1s<\/p>\n","protected":false},"author":0,"featured_media":0,"comment_status":"","ping_status":"","sticky":false,"template":"","format":"standard","meta":{"footnotes":""},"categories":[1],"tags":[],"class_list":["post-11893","post","type-post","status-publish","format-standard","hentry","category-sin-categoria"],"_links":{"self":[{"href":"http:\/\/fmdelpueblo.ar\/index.php?rest_route=\/wp\/v2\/posts\/11893","targetHints":{"allow":["GET"]}}],"collection":[{"href":"http:\/\/fmdelpueblo.ar\/index.php?rest_route=\/wp\/v2\/posts"}],"about":[{"href":"http:\/\/fmdelpueblo.ar\/index.php?rest_route=\/wp\/v2\/types\/post"}],"replies":[{"embeddable":true,"href":"http:\/\/fmdelpueblo.ar\/index.php?rest_route=%2Fwp%2Fv2%2Fcomments&post=11893"}],"version-history":[{"count":0,"href":"http:\/\/fmdelpueblo.ar\/index.php?rest_route=\/wp\/v2\/posts\/11893\/revisions"}],"wp:attachment":[{"href":"http:\/\/fmdelpueblo.ar\/index.php?rest_route=%2Fwp%2Fv2%2Fmedia&parent=11893"}],"wp:term":[{"taxonomy":"category","embeddable":true,"href":"http:\/\/fmdelpueblo.ar\/index.php?rest_route=%2Fwp%2Fv2%2Fcategories&post=11893"},{"taxonomy":"post_tag","embeddable":true,"href":"http:\/\/fmdelpueblo.ar\/index.php?rest_route=%2Fwp%2Fv2%2Ftags&post=11893"}],"curies":[{"name":"wp","href":"https:\/\/api.w.org\/{rel}","templated":true}]}}